{"id":8052,"date":"2024-09-08T17:12:34","date_gmt":"2024-09-08T15:12:34","guid":{"rendered":"https:\/\/agora.xtec.cat\/escolapablopicasso\/?p=8052"},"modified":"2024-09-08T17:12:34","modified_gmt":"2024-09-08T15:12:34","slug":"festiu-setembre-2","status":"publish","type":"post","link":"https:\/\/agora.xtec.cat\/escolapablopicasso\/general\/festiu-setembre-2\/","title":{"rendered":"FESTIU SETEMBRE"},"content":{"rendered":"<p>Volem recordar que el proper\u00a0<strong>dimecres 11 de setembre<\/strong>, l\u2019escola romandr\u00e0 tancada perqu\u00e8 \u00e9s festiu.<\/p>\n<p>Ens tornem a trobar el\u00a0<strong>dijous 12 de setembre<\/strong>.<\/p>\n<p>Podeu trobar el calendari del curs 2024-2025 clicant <a href=\"https:\/\/agora.xtec.cat\/escolapablopicasso\/curs-24-25\/\">aqu\u00ed<\/a><\/p>\n<p><img loading=\"lazy\" decoding=\"async\" class=\"aligncenter\" src=\"https:\/\/cdn-icons-png.flaticon.com\/512\/4998\/4998302.png\" alt=\"Evento de calendario - Iconos gratis de hora y fecha\" width=\"512\" height=\"512\" \/><\/p>\n","protected":false},"excerpt":{"rendered":"<p>Volem recordar que el proper\u00a0dimecres 11 de setembre, l\u2019escola romandr\u00e0 tancada perqu\u00e8 \u00e9s festiu.<br \/>\nEns tornem a trobar el\u00a0dijous 12 de setembre.<br \/>\nPodeu trobar el calendari del curs 2024-2025 clicant <a href=\"https:\/\/agora.xtec.cat\/escolapablopicasso\/curs-24-25\/\">aqu\u00ed<\/a><\/p>\n","protected":false},"author":1,"featured_media":0,"comment_status":"open","ping_status":"closed","sticky":false,"template":"","format":"standard","meta":{"_bbp_topic_count":0,"_bbp_reply_count":0,"_bbp_total_topic_count":0,"_bbp_total_reply_count":0,"_bbp_voice_count":0,"_bbp_anonymous_reply_count":0,"_bbp_topic_count_hidden":0,"_bbp_reply_count_hidden":0,"_bbp_forum_subforum_count":0,"footnotes":""},"categories":[1,4],"tags":[],"class_list":["post-8052","post","type-post","status-publish","format-standard","hentry","category-general","category-portada"],"post_mailing_queue_ids":[],"_links":{"self":[{"href":"https:\/\/agora.xtec.cat\/escolapablopicasso\/wp-json\/wp\/v2\/posts\/8052","targetHints":{"allow":["GET"]}}],"collection":[{"href":"https:\/\/agora.xtec.cat\/escolapablopicasso\/wp-json\/wp\/v2\/posts"}],"about":[{"href":"https:\/\/agora.xtec.cat\/escolapablopicasso\/wp-json\/wp\/v2\/types\/post"}],"author":[{"embeddable":true,"href":"https:\/\/agora.xtec.cat\/escolapablopicasso\/wp-json\/wp\/v2\/users\/1"}],"replies":[{"embeddable":true,"href":"https:\/\/agora.xtec.cat\/escolapablopicasso\/wp-json\/wp\/v2\/comments?post=8052"}],"version-history":[{"count":1,"href":"https:\/\/agora.xtec.cat\/escolapablopicasso\/wp-json\/wp\/v2\/posts\/8052\/revisions"}],"predecessor-version":[{"id":8053,"href":"https:\/\/agora.xtec.cat\/escolapablopicasso\/wp-json\/wp\/v2\/posts\/8052\/revisions\/8053"}],"wp:attachment":[{"href":"https:\/\/agora.xtec.cat\/escolapablopicasso\/wp-json\/wp\/v2\/media?parent=8052"}],"wp:term":[{"taxonomy":"category","embeddable":true,"href":"https:\/\/agora.xtec.cat\/escolapablopicasso\/wp-json\/wp\/v2\/categories?post=8052"},{"taxonomy":"post_tag","embeddable":true,"href":"https:\/\/agora.xtec.cat\/escolapablopicasso\/wp-json\/wp\/v2\/tags?post=8052"}],"curies":[{"name":"wp","href":"https:\/\/api.w.org\/{rel}","templated":true}]}}