{"id":8035,"date":"2024-09-06T14:55:35","date_gmt":"2024-09-06T12:55:35","guid":{"rendered":"https:\/\/agora.xtec.cat\/escolapablopicasso\/?p=8035"},"modified":"2024-09-08T15:06:15","modified_gmt":"2024-09-08T13:06:15","slug":"dossier-organitzatiu-curs-24-25","status":"publish","type":"post","link":"https:\/\/agora.xtec.cat\/escolapablopicasso\/general\/dossier-organitzatiu-curs-24-25\/","title":{"rendered":"DOSSIER ORGANITZATIU CURS 24-25"},"content":{"rendered":"<p>A continuaci\u00f3 us fem arribar el &#8220;Dossier organitzatiu curs 24-25&#8221; per aquest curs escolar.<\/p>\n<p>En aquest document trobareu l&#8217;equip pedag\u00f2gic i d&#8217;administraci\u00f3, el calendari, el recull de normes i orientacions, entrades i sortides, autoritzacions, etc.<\/p>\n<p>Preguem que us el llegiu i aix\u00ed entre tots farem que el curs rutlli m\u00e9s f\u00e0cilment.<\/p>\n<p>Moltes gr\u00e0cies per la vostra col\u00b7laboraci\u00f3.<\/p>\n<p><a href=\"https:\/\/drive.google.com\/file\/d\/1TOIUZfC_o4S-wAqOpaQdM2z_eVYiZjTE\/view?usp=drive_link\"><img loading=\"lazy\" decoding=\"async\" class=\"aligncenter size-large wp-image-8032\" src=\"https:\/\/agora.xtec.cat\/escolapablopicasso\/wp-content\/uploads\/usu295\/2024\/09\/Dossier-organitzatiu-curs-24-25-724x1024.png\" alt=\"\" width=\"724\" height=\"1024\" srcset=\"https:\/\/agora.xtec.cat\/escolapablopicasso\/wp-content\/uploads\/usu295\/2024\/09\/Dossier-organitzatiu-curs-24-25-724x1024.png 724w, https:\/\/agora.xtec.cat\/escolapablopicasso\/wp-content\/uploads\/usu295\/2024\/09\/Dossier-organitzatiu-curs-24-25-212x300.png 212w, https:\/\/agora.xtec.cat\/escolapablopicasso\/wp-content\/uploads\/usu295\/2024\/09\/Dossier-organitzatiu-curs-24-25-768x1086.png 768w, https:\/\/agora.xtec.cat\/escolapablopicasso\/wp-content\/uploads\/usu295\/2024\/09\/Dossier-organitzatiu-curs-24-25-1086x1536.png 1086w, https:\/\/agora.xtec.cat\/escolapablopicasso\/wp-content\/uploads\/usu295\/2024\/09\/Dossier-organitzatiu-curs-24-25.png 1414w\" sizes=\"auto, (max-width: 724px) 100vw, 724px\" \/><\/a><\/p>\n<p>(cliqueu la imatge per accedir al document)<\/p>\n","protected":false},"excerpt":{"rendered":"<p>A continuaci\u00f3 us fem arribar el &#8220;Dossier organitzatiu curs 24-25&#8221; per aquest curs escolar.<br \/>\nEn aquest document trobareu l&#8217;equip pedag\u00f2gic i d&#8217;administraci\u00f3, el calendari, el recull de normes i orientacions, entrades i sortides, autoritzacions, etc.<br \/>\nPreguem que us el llegiu i aix\u00ed entre tots farem que el&hellip;  <a href=\"https:\/\/agora.xtec.cat\/escolapablopicasso\/general\/dossier-organitzatiu-curs-24-25\/\" title=\"Read DOSSIER ORGANITZATIU CURS 24-25\">Llegeix m\u00e9s\u00bb<\/a><\/p>\n","protected":false},"author":1,"featured_media":0,"comment_status":"open","ping_status":"closed","sticky":false,"template":"","format":"standard","meta":{"_bbp_topic_count":0,"_bbp_reply_count":0,"_bbp_total_topic_count":0,"_bbp_total_reply_count":0,"_bbp_voice_count":0,"_bbp_anonymous_reply_count":0,"_bbp_topic_count_hidden":0,"_bbp_reply_count_hidden":0,"_bbp_forum_subforum_count":0,"footnotes":""},"categories":[1,4],"tags":[],"class_list":["post-8035","post","type-post","status-publish","format-standard","hentry","category-general","category-portada"],"post_mailing_queue_ids":[],"_links":{"self":[{"href":"https:\/\/agora.xtec.cat\/escolapablopicasso\/wp-json\/wp\/v2\/posts\/8035","targetHints":{"allow":["GET"]}}],"collection":[{"href":"https:\/\/agora.xtec.cat\/escolapablopicasso\/wp-json\/wp\/v2\/posts"}],"about":[{"href":"https:\/\/agora.xtec.cat\/escolapablopicasso\/wp-json\/wp\/v2\/types\/post"}],"author":[{"embeddable":true,"href":"https:\/\/agora.xtec.cat\/escolapablopicasso\/wp-json\/wp\/v2\/users\/1"}],"replies":[{"embeddable":true,"href":"https:\/\/agora.xtec.cat\/escolapablopicasso\/wp-json\/wp\/v2\/comments?post=8035"}],"version-history":[{"count":2,"href":"https:\/\/agora.xtec.cat\/escolapablopicasso\/wp-json\/wp\/v2\/posts\/8035\/revisions"}],"predecessor-version":[{"id":8037,"href":"https:\/\/agora.xtec.cat\/escolapablopicasso\/wp-json\/wp\/v2\/posts\/8035\/revisions\/8037"}],"wp:attachment":[{"href":"https:\/\/agora.xtec.cat\/escolapablopicasso\/wp-json\/wp\/v2\/media?parent=8035"}],"wp:term":[{"taxonomy":"category","embeddable":true,"href":"https:\/\/agora.xtec.cat\/escolapablopicasso\/wp-json\/wp\/v2\/categories?post=8035"},{"taxonomy":"post_tag","embeddable":true,"href":"https:\/\/agora.xtec.cat\/escolapablopicasso\/wp-json\/wp\/v2\/tags?post=8035"}],"curies":[{"name":"wp","href":"https:\/\/api.w.org\/{rel}","templated":true}]}}