{"id":8022,"date":"2024-07-12T13:21:09","date_gmt":"2024-07-12T11:21:09","guid":{"rendered":"https:\/\/agora.xtec.cat\/escolapablopicasso\/?p=8022"},"modified":"2024-07-12T13:22:34","modified_gmt":"2024-07-12T11:22:34","slug":"val-escolar-alumnat-de-primaria","status":"publish","type":"post","link":"https:\/\/agora.xtec.cat\/escolapablopicasso\/general\/val-escolar-alumnat-de-primaria\/","title":{"rendered":"VAL ESCOLAR ALUMNAT DE PRIM\u00c0RIA"},"content":{"rendered":"<p>Us fem arribar la informaci\u00f3 sobre els vals escolars. Aquest any hi ha la novetat que els podeu cedir a l&#8217;escola i aix\u00ed veure redu\u00efda la Quota Escolar.<\/p>\n<p>Podeu decidir:<\/p>\n<p>-No cedir-los a l&#8217;escola.<\/p>\n<p>-Cedir 1 val pel valor de 30\u20ac<\/p>\n<p>-Cedir els 2 vals pel valor de 60\u20ac<\/p>\n<p>Si decidiu donar-los a l&#8217;escola ho heu de fer abans del 30 de setembre i no es pot revertir la situaci\u00f3.<\/p>\n<p>A la infografia adjuntada teniu tota la informaci\u00f3 (cliqueu la imatge)<\/p>\n<p><a href=\"https:\/\/drive.google.com\/file\/d\/1tNWue7lF5XfNYFF2CzPbotRz-AYbWUT-\/view?usp=sharing\"><img loading=\"lazy\" decoding=\"async\" class=\"aligncenter wp-image-8024 size-medium\" src=\"https:\/\/agora.xtec.cat\/escolapablopicasso\/wp-content\/uploads\/usu295\/2024\/07\/val-escolar-300x169.jpg\" alt=\"\" width=\"300\" height=\"169\" srcset=\"https:\/\/agora.xtec.cat\/escolapablopicasso\/wp-content\/uploads\/usu295\/2024\/07\/val-escolar-300x169.jpg 300w, https:\/\/agora.xtec.cat\/escolapablopicasso\/wp-content\/uploads\/usu295\/2024\/07\/val-escolar-1024x576.jpg 1024w, https:\/\/agora.xtec.cat\/escolapablopicasso\/wp-content\/uploads\/usu295\/2024\/07\/val-escolar-768x432.jpg 768w, https:\/\/agora.xtec.cat\/escolapablopicasso\/wp-content\/uploads\/usu295\/2024\/07\/val-escolar.jpg 1152w\" sizes=\"auto, (max-width: 300px) 100vw, 300px\" \/><\/a><\/p>\n","protected":false},"excerpt":{"rendered":"<p>Us fem arribar la informaci\u00f3 sobre els vals escolars. Aquest any hi ha la novetat que els podeu cedir a l&#8217;escola i aix\u00ed veure redu\u00efda la Quota Escolar.<br \/>\nPodeu decidir:<br \/>\n-No cedir-los a l&#8217;escola.<br \/>\n-Cedir 1 val pel valor de 30\u20ac<br \/>\n-Cedir els 2 vals pel valor de 60\u20ac<br \/>\nSi&hellip;  <a href=\"https:\/\/agora.xtec.cat\/escolapablopicasso\/general\/val-escolar-alumnat-de-primaria\/\" title=\"Read VAL ESCOLAR ALUMNAT DE PRIM\u00c0RIA\">Llegeix m\u00e9s\u00bb<\/a><\/p>\n","protected":false},"author":1,"featured_media":0,"comment_status":"open","ping_status":"closed","sticky":false,"template":"","format":"standard","meta":{"_bbp_topic_count":0,"_bbp_reply_count":0,"_bbp_total_topic_count":0,"_bbp_total_reply_count":0,"_bbp_voice_count":0,"_bbp_anonymous_reply_count":0,"_bbp_topic_count_hidden":0,"_bbp_reply_count_hidden":0,"_bbp_forum_subforum_count":0,"footnotes":""},"categories":[1,4],"tags":[],"class_list":["post-8022","post","type-post","status-publish","format-standard","hentry","category-general","category-portada"],"post_mailing_queue_ids":[],"_links":{"self":[{"href":"https:\/\/agora.xtec.cat\/escolapablopicasso\/wp-json\/wp\/v2\/posts\/8022","targetHints":{"allow":["GET"]}}],"collection":[{"href":"https:\/\/agora.xtec.cat\/escolapablopicasso\/wp-json\/wp\/v2\/posts"}],"about":[{"href":"https:\/\/agora.xtec.cat\/escolapablopicasso\/wp-json\/wp\/v2\/types\/post"}],"author":[{"embeddable":true,"href":"https:\/\/agora.xtec.cat\/escolapablopicasso\/wp-json\/wp\/v2\/users\/1"}],"replies":[{"embeddable":true,"href":"https:\/\/agora.xtec.cat\/escolapablopicasso\/wp-json\/wp\/v2\/comments?post=8022"}],"version-history":[{"count":2,"href":"https:\/\/agora.xtec.cat\/escolapablopicasso\/wp-json\/wp\/v2\/posts\/8022\/revisions"}],"predecessor-version":[{"id":8026,"href":"https:\/\/agora.xtec.cat\/escolapablopicasso\/wp-json\/wp\/v2\/posts\/8022\/revisions\/8026"}],"wp:attachment":[{"href":"https:\/\/agora.xtec.cat\/escolapablopicasso\/wp-json\/wp\/v2\/media?parent=8022"}],"wp:term":[{"taxonomy":"category","embeddable":true,"href":"https:\/\/agora.xtec.cat\/escolapablopicasso\/wp-json\/wp\/v2\/categories?post=8022"},{"taxonomy":"post_tag","embeddable":true,"href":"https:\/\/agora.xtec.cat\/escolapablopicasso\/wp-json\/wp\/v2\/tags?post=8022"}],"curies":[{"name":"wp","href":"https:\/\/api.w.org\/{rel}","templated":true}]}}