{"id":8003,"date":"2024-06-20T20:22:49","date_gmt":"2024-06-20T18:22:49","guid":{"rendered":"https:\/\/agora.xtec.cat\/escolapablopicasso\/?p=8003"},"modified":"2024-06-26T20:38:07","modified_gmt":"2024-06-26T18:38:07","slug":"concert-de-plaques-2","status":"publish","type":"post","link":"https:\/\/agora.xtec.cat\/escolapablopicasso\/general\/concert-de-plaques-2\/","title":{"rendered":"CONCERT DE PLAQUES"},"content":{"rendered":"<p>El passat dijous 20 de juny, tota l&#8217;escola vam poder gaudir d&#8217;un concert did\u00e0ctic de plaques.<\/p>\n<p>Infants de cicle inicial, cicle mitj\u00e0 i cicle superior ens van ensenyar el que havien apr\u00e8s durant les sessions dels tallers de m\u00fasica. Vam poder escoltar, entre d&#8217;altres, &#8220;Les oques van al camp&#8221;, &#8220;Yellow Submarine&#8221;, &#8220;Bella Ciao&#8221;&#8230;<\/p>\n<p>A continuaci\u00f3 us adjuntem un v\u00eddeo del petit concert que vam fer al gimn\u00e0s de l&#8217;escola.<\/p>\n<p><a href=\"https:\/\/drive.google.com\/file\/d\/15HfJFrjjOxeMeBZHE3sewNVEtEEEhj7r\/view?usp=sharing\"><img loading=\"lazy\" decoding=\"async\" class=\"aligncenter size-full wp-image-8004\" src=\"https:\/\/agora.xtec.cat\/escolapablopicasso\/wp-content\/uploads\/usu295\/2024\/06\/concert-plaques.png\" alt=\"\" width=\"770\" height=\"428\" srcset=\"https:\/\/agora.xtec.cat\/escolapablopicasso\/wp-content\/uploads\/usu295\/2024\/06\/concert-plaques.png 770w, https:\/\/agora.xtec.cat\/escolapablopicasso\/wp-content\/uploads\/usu295\/2024\/06\/concert-plaques-300x167.png 300w, https:\/\/agora.xtec.cat\/escolapablopicasso\/wp-content\/uploads\/usu295\/2024\/06\/concert-plaques-768x427.png 768w\" sizes=\"auto, (max-width: 770px) 100vw, 770px\" \/><\/a><\/p>\n","protected":false},"excerpt":{"rendered":"<p>El passat dijous 20 de juny, tota l&#8217;escola vam poder gaudir d&#8217;un concert did\u00e0ctic de plaques.<br \/>\nInfants de cicle inicial, cicle mitj\u00e0 i cicle superior ens van ensenyar el que havien apr\u00e8s durant les sessions dels tallers de m\u00fasica. Vam poder escoltar, entre d&#8217;altres, &#8220;Les oques&hellip;  <a href=\"https:\/\/agora.xtec.cat\/escolapablopicasso\/general\/concert-de-plaques-2\/\" title=\"Read CONCERT DE PLAQUES\">Llegeix m\u00e9s\u00bb<\/a><\/p>\n","protected":false},"author":1,"featured_media":0,"comment_status":"open","ping_status":"closed","sticky":false,"template":"","format":"standard","meta":{"_bbp_topic_count":0,"_bbp_reply_count":0,"_bbp_total_topic_count":0,"_bbp_total_reply_count":0,"_bbp_voice_count":0,"_bbp_anonymous_reply_count":0,"_bbp_topic_count_hidden":0,"_bbp_reply_count_hidden":0,"_bbp_forum_subforum_count":0,"footnotes":""},"categories":[1,24,4,26],"tags":[],"class_list":["post-8003","post","type-post","status-publish","format-standard","hentry","category-general","category-musica","category-portada","category-tallers"],"post_mailing_queue_ids":[],"_links":{"self":[{"href":"https:\/\/agora.xtec.cat\/escolapablopicasso\/wp-json\/wp\/v2\/posts\/8003","targetHints":{"allow":["GET"]}}],"collection":[{"href":"https:\/\/agora.xtec.cat\/escolapablopicasso\/wp-json\/wp\/v2\/posts"}],"about":[{"href":"https:\/\/agora.xtec.cat\/escolapablopicasso\/wp-json\/wp\/v2\/types\/post"}],"author":[{"embeddable":true,"href":"https:\/\/agora.xtec.cat\/escolapablopicasso\/wp-json\/wp\/v2\/users\/1"}],"replies":[{"embeddable":true,"href":"https:\/\/agora.xtec.cat\/escolapablopicasso\/wp-json\/wp\/v2\/comments?post=8003"}],"version-history":[{"count":1,"href":"https:\/\/agora.xtec.cat\/escolapablopicasso\/wp-json\/wp\/v2\/posts\/8003\/revisions"}],"predecessor-version":[{"id":8005,"href":"https:\/\/agora.xtec.cat\/escolapablopicasso\/wp-json\/wp\/v2\/posts\/8003\/revisions\/8005"}],"wp:attachment":[{"href":"https:\/\/agora.xtec.cat\/escolapablopicasso\/wp-json\/wp\/v2\/media?parent=8003"}],"wp:term":[{"taxonomy":"category","embeddable":true,"href":"https:\/\/agora.xtec.cat\/escolapablopicasso\/wp-json\/wp\/v2\/categories?post=8003"},{"taxonomy":"post_tag","embeddable":true,"href":"https:\/\/agora.xtec.cat\/escolapablopicasso\/wp-json\/wp\/v2\/tags?post=8003"}],"curies":[{"name":"wp","href":"https:\/\/api.w.org\/{rel}","templated":true}]}}