{"id":7934,"date":"2024-06-03T12:46:20","date_gmt":"2024-06-03T10:46:20","guid":{"rendered":"https:\/\/agora.xtec.cat\/escolapablopicasso\/?p=7934"},"modified":"2024-06-04T12:50:46","modified_gmt":"2024-06-04T10:50:46","slug":"inici-jornada-intensiva","status":"publish","type":"post","link":"https:\/\/agora.xtec.cat\/escolapablopicasso\/general\/inici-jornada-intensiva\/","title":{"rendered":"INICI JORNADA INTENSIVA"},"content":{"rendered":"<p>Volem recordar que a partir del proper <strong>dimecres dia 5 de juny<\/strong> i fins acabar aquest curs, s&#8217;inicia l&#8217;horari escolar de jornada intensiva. Fa uns dies, l&#8217;AFA tamb\u00e9 us va informar.<\/p>\n<p>L&#8217;horari escolar que es portar\u00e0 a terme fins a final de curs ser\u00e0 el seg\u00fcent:<\/p>\n<p>-De <strong>9:00h a 13:00h<\/strong> tots aquells infants que no es queden al menjador<\/p>\n<p>-De <strong>9:00h a 15:00h<\/strong> pels que s\u00ed es quedin al menjador.<\/p>\n<p>Els infants que necessitin quedar-se les tardes de juny de 15 a 16:30h, caldr\u00e0 haver avisat pr\u00e8viament a l&#8217;AFA i haver fet ja el corresponent pagament.<\/p>\n<p>Els infants d&#8217;educaci\u00f3 infantil mantenen l&#8217;horari flexible de poder ser recollits 10 minuts abans de les 13h.<\/p>\n<p><img loading=\"lazy\" decoding=\"async\" class=\"aligncenter\" src=\"https:\/\/encrypted-tbn0.gstatic.com\/images?q=tbn:ANd9GcQMgsdljjkf2LlG4btvAgCGbjic6g3mvDHKMw&amp;s\" alt=\"Reloj - Iconos gratis de herramientas y utensilios\" width=\"225\" height=\"225\" \/><\/p>\n","protected":false},"excerpt":{"rendered":"<p>Volem recordar que a partir del proper dimecres dia 5 de juny i fins acabar aquest curs, s&#8217;inicia l&#8217;horari escolar de jornada intensiva. Fa uns dies, l&#8217;AFA tamb\u00e9 us va informar.<br \/>\nL&#8217;horari escolar que es portar\u00e0 a terme fins a final de curs ser\u00e0 el seg\u00fcent:<br \/>\n-De&hellip;  <a href=\"https:\/\/agora.xtec.cat\/escolapablopicasso\/general\/inici-jornada-intensiva\/\" title=\"Read INICI JORNADA INTENSIVA\">Llegeix m\u00e9s\u00bb<\/a><\/p>\n","protected":false},"author":1,"featured_media":0,"comment_status":"open","ping_status":"closed","sticky":false,"template":"","format":"standard","meta":{"_bbp_topic_count":0,"_bbp_reply_count":0,"_bbp_total_topic_count":0,"_bbp_total_reply_count":0,"_bbp_voice_count":0,"_bbp_anonymous_reply_count":0,"_bbp_topic_count_hidden":0,"_bbp_reply_count_hidden":0,"_bbp_forum_subforum_count":0,"footnotes":""},"categories":[1,4],"tags":[],"class_list":["post-7934","post","type-post","status-publish","format-standard","hentry","category-general","category-portada"],"post_mailing_queue_ids":[],"_links":{"self":[{"href":"https:\/\/agora.xtec.cat\/escolapablopicasso\/wp-json\/wp\/v2\/posts\/7934","targetHints":{"allow":["GET"]}}],"collection":[{"href":"https:\/\/agora.xtec.cat\/escolapablopicasso\/wp-json\/wp\/v2\/posts"}],"about":[{"href":"https:\/\/agora.xtec.cat\/escolapablopicasso\/wp-json\/wp\/v2\/types\/post"}],"author":[{"embeddable":true,"href":"https:\/\/agora.xtec.cat\/escolapablopicasso\/wp-json\/wp\/v2\/users\/1"}],"replies":[{"embeddable":true,"href":"https:\/\/agora.xtec.cat\/escolapablopicasso\/wp-json\/wp\/v2\/comments?post=7934"}],"version-history":[{"count":4,"href":"https:\/\/agora.xtec.cat\/escolapablopicasso\/wp-json\/wp\/v2\/posts\/7934\/revisions"}],"predecessor-version":[{"id":7938,"href":"https:\/\/agora.xtec.cat\/escolapablopicasso\/wp-json\/wp\/v2\/posts\/7934\/revisions\/7938"}],"wp:attachment":[{"href":"https:\/\/agora.xtec.cat\/escolapablopicasso\/wp-json\/wp\/v2\/media?parent=7934"}],"wp:term":[{"taxonomy":"category","embeddable":true,"href":"https:\/\/agora.xtec.cat\/escolapablopicasso\/wp-json\/wp\/v2\/categories?post=7934"},{"taxonomy":"post_tag","embeddable":true,"href":"https:\/\/agora.xtec.cat\/escolapablopicasso\/wp-json\/wp\/v2\/tags?post=7934"}],"curies":[{"name":"wp","href":"https:\/\/api.w.org\/{rel}","templated":true}]}}