{"id":7923,"date":"2024-05-27T13:00:41","date_gmt":"2024-05-27T11:00:41","guid":{"rendered":"https:\/\/agora.xtec.cat\/escolapablopicasso\/?p=7923"},"modified":"2024-05-27T13:28:49","modified_gmt":"2024-05-27T11:28:49","slug":"ix-festa-major","status":"publish","type":"post","link":"https:\/\/agora.xtec.cat\/escolapablopicasso\/general\/ix-festa-major\/","title":{"rendered":"IX FESTA MAJOR"},"content":{"rendered":"<p>Ja tenim aqu\u00ed la IX Festa major!!!\u00a0El dia <strong>14 de juny<\/strong> a la nostra Escola Pablo Picasso de 17,30 a 22.30 h!!\u00a0Una vegada m\u00e9s, L&#8217;AFA organitza la NOVENA edici\u00f3 de la Festa Major de l&#8217;Escola Pablo Picasso, amb la col\u00b7laboraci\u00f3 de l&#8217;Escola, i la participaci\u00f3 de pares, mares i mestres, per acomiadar el curs de la millor manera possible.\u00a0Tindrem jocs, inflables, m\u00fasica, tallers i sopar de germanor.\u00a0Per poder assistir, tots els infants, socis o no, han de portar la seva entrada\/polsera.<\/p>\n<p><strong>COM HO FAREM?\u00a0<\/strong>Els dies 3 i 4 de juny a les 9.10 del mat\u00ed i a les 16.40 de la tarda, tots els socis\/es podreu recollir la vostra entrada gratu\u00efta al porxo del costat del menjador.<\/p>\n<p>( UN COP HAGIN ENTRAT O SORTIT TOTS ELS INFANTS, SEGONS L&#8217;HORA DE RECOLLIDA DE LES ENTRADES, PER TAL DE NO COL\u00b7LAPSAR L&#8217;ENTRADA O SORTIDA).<\/p>\n<p>Els nens\/es no socis que vulguin assistir (estudiants de prim\u00e0ria), podran adquirir igualment aquests mateixos dies la seva entrada pel preu de 20 \u20ac, per tal de poder participar en totes les activitats. Qualsevol incid\u00e8ncia o incompliment de les normes, es negar\u00e0 l&#8217;entrada o es faran fora a les persones corresponents. En el moment de la recollida de les entrades, podreu aprofitar per fer-vos socis\/es pel curs vinent. Tamb\u00e9 podeu comprar la vostra participaci\u00f3 pel sorteig de diferents premis (mini sessi\u00f3 de fotos,vals per consumir al mercat de Barber\u00e0, sessi\u00f3 de perruqueria,consumicions a restaurants&#8230;) que es realitzar\u00e0 el mateix dia de la festa.<\/p>\n<p><strong>LES PERSONES QUE NO HAGIN RECOLLIT LA SEVA POLSERA AQUESTS DIES, I HO FACIN FORA DE TERMINI HAURAN DE PAGAR UN C\u00c0RREC DE 2 \u20ac PER POLSERA!!!<\/strong><\/p>\n<p>US HI ESPEREM!!!!<\/p>\n<p><a href=\"https:\/\/agora.xtec.cat\/escolapablopicasso\/wp-content\/uploads\/usu295\/2024\/05\/IX-FESTA-MAJOR.png\"><img loading=\"lazy\" decoding=\"async\" class=\"aligncenter size-full wp-image-7924\" src=\"https:\/\/agora.xtec.cat\/escolapablopicasso\/wp-content\/uploads\/usu295\/2024\/05\/IX-FESTA-MAJOR.png\" alt=\"\" width=\"519\" height=\"737\" srcset=\"https:\/\/agora.xtec.cat\/escolapablopicasso\/wp-content\/uploads\/usu295\/2024\/05\/IX-FESTA-MAJOR.png 519w, https:\/\/agora.xtec.cat\/escolapablopicasso\/wp-content\/uploads\/usu295\/2024\/05\/IX-FESTA-MAJOR-211x300.png 211w\" sizes=\"auto, (max-width: 519px) 100vw, 519px\" \/><\/a><\/p>\n<p>&nbsp;<\/p>\n","protected":false},"excerpt":{"rendered":"<p>Ja tenim aqu\u00ed la IX Festa major!!!\u00a0El dia 14 de juny a la nostra Escola Pablo Picasso de 17,30 a 22.30 h!!\u00a0Una vegada m\u00e9s, L&#8217;AFA organitza la NOVENA edici\u00f3 de la Festa Major de l&#8217;Escola Pablo Picasso, amb la col\u00b7laboraci\u00f3 de l&#8217;Escola, i la participaci\u00f3&hellip;  <a href=\"https:\/\/agora.xtec.cat\/escolapablopicasso\/general\/ix-festa-major\/\" title=\"Read IX FESTA MAJOR\">Llegeix m\u00e9s\u00bb<\/a><\/p>\n","protected":false},"author":1,"featured_media":0,"comment_status":"open","ping_status":"closed","sticky":false,"template":"","format":"standard","meta":{"_bbp_topic_count":0,"_bbp_reply_count":0,"_bbp_total_topic_count":0,"_bbp_total_reply_count":0,"_bbp_voice_count":0,"_bbp_anonymous_reply_count":0,"_bbp_topic_count_hidden":0,"_bbp_reply_count_hidden":0,"_bbp_forum_subforum_count":0,"footnotes":""},"categories":[7,23,1,4],"tags":[],"class_list":["post-7923","post","type-post","status-publish","format-standard","hentry","category-ampa","category-nadal","category-general","category-portada"],"post_mailing_queue_ids":[],"_links":{"self":[{"href":"https:\/\/agora.xtec.cat\/escolapablopicasso\/wp-json\/wp\/v2\/posts\/7923","targetHints":{"allow":["GET"]}}],"collection":[{"href":"https:\/\/agora.xtec.cat\/escolapablopicasso\/wp-json\/wp\/v2\/posts"}],"about":[{"href":"https:\/\/agora.xtec.cat\/escolapablopicasso\/wp-json\/wp\/v2\/types\/post"}],"author":[{"embeddable":true,"href":"https:\/\/agora.xtec.cat\/escolapablopicasso\/wp-json\/wp\/v2\/users\/1"}],"replies":[{"embeddable":true,"href":"https:\/\/agora.xtec.cat\/escolapablopicasso\/wp-json\/wp\/v2\/comments?post=7923"}],"version-history":[{"count":6,"href":"https:\/\/agora.xtec.cat\/escolapablopicasso\/wp-json\/wp\/v2\/posts\/7923\/revisions"}],"predecessor-version":[{"id":7931,"href":"https:\/\/agora.xtec.cat\/escolapablopicasso\/wp-json\/wp\/v2\/posts\/7923\/revisions\/7931"}],"wp:attachment":[{"href":"https:\/\/agora.xtec.cat\/escolapablopicasso\/wp-json\/wp\/v2\/media?parent=7923"}],"wp:term":[{"taxonomy":"category","embeddable":true,"href":"https:\/\/agora.xtec.cat\/escolapablopicasso\/wp-json\/wp\/v2\/categories?post=7923"},{"taxonomy":"post_tag","embeddable":true,"href":"https:\/\/agora.xtec.cat\/escolapablopicasso\/wp-json\/wp\/v2\/tags?post=7923"}],"curies":[{"name":"wp","href":"https:\/\/api.w.org\/{rel}","templated":true}]}}