{"id":7920,"date":"2024-05-07T21:00:01","date_gmt":"2024-05-07T19:00:01","guid":{"rendered":"https:\/\/agora.xtec.cat\/escolapablopicasso\/?p=7920"},"modified":"2024-05-10T16:31:53","modified_gmt":"2024-05-10T14:31:53","slug":"cantania-5e-2","status":"publish","type":"post","link":"https:\/\/agora.xtec.cat\/escolapablopicasso\/general\/cantania-5e-2\/","title":{"rendered":"CANT\u00c0NIA- 5\u00e8"},"content":{"rendered":"<p><strong>Cant\u00e0nia<\/strong> \u00e9s una activitat participativa en la que s\u2019inscriuen escolars de cicle mitj\u00e0 i superior de prim\u00e0ria de Catalunya. Cada any s\u2019estrena una obra encarregada especialment per a aquesta activitat.<\/p>\n<p>El dimarts, <strong>7 de maig<\/strong>, els infants de 5\u00e8 ens van interpretar \u201cEl naufragi\u201d a l\u2019<strong>Auditori de Sant Cugat<\/strong>.<\/p>\n<p><strong>SINOPSI:<\/strong> Un grup d\u2019alumnes es disposa a fer el viatge de final de curs en un enorme creuer. Es tracta d\u2019un vaixell de luxe colossal que contamina molt i \u00e9s un exemple clar de mitj\u00e0 de transport poc sostenible. Els dos protagonistes de l\u2019obra, en Biel i la Martina tenen visions oposades sobre la manera de viatjar: ell opina que all\u00f2 \u00e9s un dispendi de recursos i una m\u00e0quina de contaminar, per\u00f2 la Martina, creu que s\u00f3n joves i han de viure el present.<\/p>\n<p>Aquestes dues maneres de veure la vida xocaran encara m\u00e9s quan el vaixell naufraga i els estudiants van a petar a una illa deserta.<\/p>\n<p>Cliqueu la imatge per gaudir d&#8217;una petita mostra.<\/p>\n<p><a href=\"https:\/\/drive.google.com\/file\/d\/172yYaFCFAERp4cIsVr7An8hEvx7qdOne\/view?usp=sharing\"><img loading=\"lazy\" decoding=\"async\" class=\"aligncenter\" src=\"https:\/\/agora.xtec.cat\/iecamboverges\/wp-content\/uploads\/usu1863\/2024\/01\/ampolla-naufragi.png\" alt=\"CANT\u00c0NIA 2024 \u201cEL NAUFRAGI\u201d | Institut Escola Francesc Camb\u00f3 i Batlle\" width=\"432\" height=\"212\" \/><\/a><\/p>\n","protected":false},"excerpt":{"rendered":"<p>Cant\u00e0nia \u00e9s una activitat participativa en la que s\u2019inscriuen escolars de cicle mitj\u00e0 i superior de prim\u00e0ria de Catalunya. Cada any s\u2019estrena una obra encarregada especialment per a aquesta activitat.<br \/>\nEl dimarts, 7 de maig, els infants de 5\u00e8 ens van interpretar \u201cEl naufragi\u201d a l\u2019Auditori&hellip;  <a href=\"https:\/\/agora.xtec.cat\/escolapablopicasso\/general\/cantania-5e-2\/\" title=\"Read CANT\u00c0NIA- 5\u00e8\">Llegeix m\u00e9s\u00bb<\/a><\/p>\n","protected":false},"author":1,"featured_media":0,"comment_status":"open","ping_status":"closed","sticky":false,"template":"","format":"standard","meta":{"_bbp_topic_count":0,"_bbp_reply_count":0,"_bbp_total_topic_count":0,"_bbp_total_reply_count":0,"_bbp_voice_count":0,"_bbp_anonymous_reply_count":0,"_bbp_topic_count_hidden":0,"_bbp_reply_count_hidden":0,"_bbp_forum_subforum_count":0,"footnotes":""},"categories":[14,1,24,4,30],"tags":[],"class_list":["post-7920","post","type-post","status-publish","format-standard","hentry","category-5e","category-general","category-musica","category-portada","category-sortides"],"post_mailing_queue_ids":[],"_links":{"self":[{"href":"https:\/\/agora.xtec.cat\/escolapablopicasso\/wp-json\/wp\/v2\/posts\/7920","targetHints":{"allow":["GET"]}}],"collection":[{"href":"https:\/\/agora.xtec.cat\/escolapablopicasso\/wp-json\/wp\/v2\/posts"}],"about":[{"href":"https:\/\/agora.xtec.cat\/escolapablopicasso\/wp-json\/wp\/v2\/types\/post"}],"author":[{"embeddable":true,"href":"https:\/\/agora.xtec.cat\/escolapablopicasso\/wp-json\/wp\/v2\/users\/1"}],"replies":[{"embeddable":true,"href":"https:\/\/agora.xtec.cat\/escolapablopicasso\/wp-json\/wp\/v2\/comments?post=7920"}],"version-history":[{"count":2,"href":"https:\/\/agora.xtec.cat\/escolapablopicasso\/wp-json\/wp\/v2\/posts\/7920\/revisions"}],"predecessor-version":[{"id":7922,"href":"https:\/\/agora.xtec.cat\/escolapablopicasso\/wp-json\/wp\/v2\/posts\/7920\/revisions\/7922"}],"wp:attachment":[{"href":"https:\/\/agora.xtec.cat\/escolapablopicasso\/wp-json\/wp\/v2\/media?parent=7920"}],"wp:term":[{"taxonomy":"category","embeddable":true,"href":"https:\/\/agora.xtec.cat\/escolapablopicasso\/wp-json\/wp\/v2\/categories?post=7920"},{"taxonomy":"post_tag","embeddable":true,"href":"https:\/\/agora.xtec.cat\/escolapablopicasso\/wp-json\/wp\/v2\/tags?post=7920"}],"curies":[{"name":"wp","href":"https:\/\/api.w.org\/{rel}","templated":true}]}}