{"id":7893,"date":"2024-05-02T09:00:33","date_gmt":"2024-05-02T07:00:33","guid":{"rendered":"https:\/\/agora.xtec.cat\/escolapablopicasso\/?p=7893"},"modified":"2024-05-02T19:58:24","modified_gmt":"2024-05-02T17:58:24","slug":"casal-destiu","status":"publish","type":"post","link":"https:\/\/agora.xtec.cat\/escolapablopicasso\/general\/casal-destiu\/","title":{"rendered":"CASAL D&#8217;ESTIU"},"content":{"rendered":"<p>Ja tenim les activitats d\u2019estiu que es duran a terme a la ciutat a la finalitzaci\u00f3 del curs escolar. Barber\u00e0 del Vall\u00e8s comptar\u00e0 amb una gran varietat de casals, activitats l\u00fadiques, educatives i esportives. I tot gr\u00e0cies a una programaci\u00f3 elaborada conjuntament amb les associacions de mares i pares d\u2019alumnat, les associacions de fam\u00edlies d\u2019alumnat dels centres educatius p\u00fablics, els grups d\u2019esplai de la ciutat i les entitats esportives.<\/p>\n<p>Les activitats d\u2019estiu s\u2019adrecen a diferents grups d\u2019edat i els infants, adolescents i joves podran gaudir m\u00e9s que mai d\u2019aquesta oferta fresca, diversa i pensada per a tothom.\u00a0Les inscripcions comen\u00e7aran a partir del dia 6 de maig. Les fam\u00edlies interessades poden contactar directament amb l\u2019entitat organitzadora del casal. M\u00e9s informaci\u00f3 a:\u00a0<a href=\"https:\/\/www.bdv.cat\/noticies\/ja-teniu-disponible-el-cataleg-dactivitats-i-casals-destiu-barbera\">https:\/\/www.bdv.cat\/noticies\/ja-teniu-disponible-el-cataleg-dactivitats-i-casals-destiu-barbera<\/a><\/p>\n<p>I a la nostra escola&#8230; CASAL D&#8217;ESTIU A VILA REMULLADA!!!<\/p>\n<p><a href=\"https:\/\/drive.google.com\/file\/d\/1CXvhKyKzZsbVrwKLQsnHBlv8O_EiPjDH\/view?usp=drive_link\"><img loading=\"lazy\" decoding=\"async\" class=\"aligncenter wp-image-7891 size-large\" src=\"https:\/\/agora.xtec.cat\/escolapablopicasso\/wp-content\/uploads\/usu295\/2024\/05\/cartell-casal-destiu-724x1024.png\" alt=\"\" width=\"724\" height=\"1024\" srcset=\"https:\/\/agora.xtec.cat\/escolapablopicasso\/wp-content\/uploads\/usu295\/2024\/05\/cartell-casal-destiu-724x1024.png 724w, https:\/\/agora.xtec.cat\/escolapablopicasso\/wp-content\/uploads\/usu295\/2024\/05\/cartell-casal-destiu-212x300.png 212w, https:\/\/agora.xtec.cat\/escolapablopicasso\/wp-content\/uploads\/usu295\/2024\/05\/cartell-casal-destiu-768x1086.png 768w, https:\/\/agora.xtec.cat\/escolapablopicasso\/wp-content\/uploads\/usu295\/2024\/05\/cartell-casal-destiu-1086x1536.png 1086w, https:\/\/agora.xtec.cat\/escolapablopicasso\/wp-content\/uploads\/usu295\/2024\/05\/cartell-casal-destiu-1448x2048.png 1448w, https:\/\/agora.xtec.cat\/escolapablopicasso\/wp-content\/uploads\/usu295\/2024\/05\/cartell-casal-destiu.png 1587w\" sizes=\"auto, (max-width: 724px) 100vw, 724px\" \/><\/a><\/p>\n<p>(Cliqueu la imatge per accedir al dossier amb informaci\u00f3 del Casal d&#8217;estiu)<\/p>\n<p>-M\u00e9s informaci\u00f3 del Casal d\u2019estiu de l&#8217;Escola Pablo Picasso a<a href=\"https:\/\/agora.xtec.cat\/escolapablopicasso\/afa\/casal-destiu\/\"> https:\/\/agora.xtec.cat\/escolapablopicasso\/afa\/casal-destiu\/<\/a><\/p>\n<p>&nbsp;<\/p>\n","protected":false},"excerpt":{"rendered":"<p>Ja tenim les activitats d\u2019estiu que es duran a terme a la ciutat a la finalitzaci\u00f3 del curs escolar. Barber\u00e0 del Vall\u00e8s comptar\u00e0 amb una gran varietat de casals, activitats l\u00fadiques, educatives i esportives. I tot gr\u00e0cies a una programaci\u00f3 elaborada conjuntament amb les associacions&hellip;  <a href=\"https:\/\/agora.xtec.cat\/escolapablopicasso\/general\/casal-destiu\/\" title=\"Read CASAL D&#8217;ESTIU\">Llegeix m\u00e9s\u00bb<\/a><\/p>\n","protected":false},"author":1,"featured_media":0,"comment_status":"open","ping_status":"closed","sticky":false,"template":"","format":"standard","meta":{"_bbp_topic_count":0,"_bbp_reply_count":0,"_bbp_total_topic_count":0,"_bbp_total_reply_count":0,"_bbp_voice_count":0,"_bbp_anonymous_reply_count":0,"_bbp_topic_count_hidden":0,"_bbp_reply_count_hidden":0,"_bbp_forum_subforum_count":0,"footnotes":""},"categories":[7,1,4],"tags":[],"class_list":["post-7893","post","type-post","status-publish","format-standard","hentry","category-ampa","category-general","category-portada"],"post_mailing_queue_ids":[],"_links":{"self":[{"href":"https:\/\/agora.xtec.cat\/escolapablopicasso\/wp-json\/wp\/v2\/posts\/7893","targetHints":{"allow":["GET"]}}],"collection":[{"href":"https:\/\/agora.xtec.cat\/escolapablopicasso\/wp-json\/wp\/v2\/posts"}],"about":[{"href":"https:\/\/agora.xtec.cat\/escolapablopicasso\/wp-json\/wp\/v2\/types\/post"}],"author":[{"embeddable":true,"href":"https:\/\/agora.xtec.cat\/escolapablopicasso\/wp-json\/wp\/v2\/users\/1"}],"replies":[{"embeddable":true,"href":"https:\/\/agora.xtec.cat\/escolapablopicasso\/wp-json\/wp\/v2\/comments?post=7893"}],"version-history":[{"count":1,"href":"https:\/\/agora.xtec.cat\/escolapablopicasso\/wp-json\/wp\/v2\/posts\/7893\/revisions"}],"predecessor-version":[{"id":7894,"href":"https:\/\/agora.xtec.cat\/escolapablopicasso\/wp-json\/wp\/v2\/posts\/7893\/revisions\/7894"}],"wp:attachment":[{"href":"https:\/\/agora.xtec.cat\/escolapablopicasso\/wp-json\/wp\/v2\/media?parent=7893"}],"wp:term":[{"taxonomy":"category","embeddable":true,"href":"https:\/\/agora.xtec.cat\/escolapablopicasso\/wp-json\/wp\/v2\/categories?post=7893"},{"taxonomy":"post_tag","embeddable":true,"href":"https:\/\/agora.xtec.cat\/escolapablopicasso\/wp-json\/wp\/v2\/tags?post=7893"}],"curies":[{"name":"wp","href":"https:\/\/api.w.org\/{rel}","templated":true}]}}