{"id":7849,"date":"2024-04-01T07:42:42","date_gmt":"2024-04-01T05:42:42","guid":{"rendered":"https:\/\/agora.xtec.cat\/escolapablopicasso\/?p=7849"},"modified":"2024-04-10T11:56:14","modified_gmt":"2024-04-10T09:56:14","slug":"artista-del-mes-6","status":"publish","type":"post","link":"https:\/\/agora.xtec.cat\/escolapablopicasso\/general\/artista-del-mes-6\/","title":{"rendered":"ARTISTA DEL MES"},"content":{"rendered":"<p>I durant tot el mes d&#8217;abril, Stjepan Hauser ens acompanyar\u00e0 amb la seva m\u00fasica.<\/p>\n<p><img loading=\"lazy\" decoding=\"async\" class=\"aligncenter\" src=\"https:\/\/upload.wikimedia.org\/wikipedia\/commons\/f\/fb\/2017_RiP_-_2Cellos_-_Stjepan_Hauser_-_by_2eight_-_8SC1300.jpg\" alt=\"Stjepan Hauser - Wikipedia, la enciclopedia libre\" width=\"271\" height=\"271\" \/><\/p>\n<p>Stjepan \u00e9s un violoncel\u00b7lista contemporani nascut el 1986 a Cro\u00e0cia. <span style=\"font-family: inherit; font-size: 1em;\">Ha actuat a m\u00e9s de 40 pa\u00efsos. \u00c9s molt fam\u00f3s i t\u00e9 molts seguidors a les xarxes socials.<\/span><\/p>\n<p>Va comen\u00e7ar a tocar amb un amic seu i va formar el grup musical &#8220;2 CELLOS&#8221;<\/p>\n<p><img loading=\"lazy\" decoding=\"async\" class=\"aligncenter\" src=\"https:\/\/cdn.kobo.com\/book-images\/e2eeb7bd-479d-4164-ba36-99ddd7a1d3d0\/1200\/1200\/False\/2cellos-luka-sulic-stjepan-hauser-songbook.jpg\" alt=\"2Cellos: Luka Sulic &amp; Stjepan Hauser (Songbook) eBook de 2Cellos - EPUB Libro | Rakuten Kobo Espa\u00f1a\" width=\"233\" height=\"311\" \/><\/p>\n<p>Actualment actua sol i si el mireu b\u00e9, veureu que sempre toca descal\u00e7!!!<\/p>\n<p style=\"text-align: center;\"><iframe loading=\"lazy\" src=\"\/\/www.youtube.com\/embed\/fTdzXmvMaOA\" width=\"560\" height=\"314\" allowfullscreen=\"allowfullscreen\"><\/iframe><\/p>\n","protected":false},"excerpt":{"rendered":"<p>I durant tot el mes d&#8217;abril, Stjepan Hauser ens acompanyar\u00e0 amb la seva m\u00fasica.<\/p>\n<p>Stjepan \u00e9s un violoncel\u00b7lista contemporani nascut el 1986 a Cro\u00e0cia. Ha actuat a m\u00e9s de 40 pa\u00efsos. \u00c9s molt fam\u00f3s i t\u00e9 molts seguidors a les xarxes socials.<br \/>\nVa comen\u00e7ar a tocar amb&hellip;  <a href=\"https:\/\/agora.xtec.cat\/escolapablopicasso\/general\/artista-del-mes-6\/\" title=\"Read ARTISTA DEL MES\">Llegeix m\u00e9s\u00bb<\/a><\/p>\n","protected":false},"author":1,"featured_media":7850,"comment_status":"open","ping_status":"closed","sticky":false,"template":"","format":"standard","meta":{"_bbp_topic_count":0,"_bbp_reply_count":0,"_bbp_total_topic_count":0,"_bbp_total_reply_count":0,"_bbp_voice_count":0,"_bbp_anonymous_reply_count":0,"_bbp_topic_count_hidden":0,"_bbp_reply_count_hidden":0,"_bbp_forum_subforum_count":0,"footnotes":""},"categories":[1,24,4],"tags":[],"class_list":["post-7849","post","type-post","status-publish","format-standard","has-post-thumbnail","hentry","category-general","category-musica","category-portada"],"post_mailing_queue_ids":[],"_links":{"self":[{"href":"https:\/\/agora.xtec.cat\/escolapablopicasso\/wp-json\/wp\/v2\/posts\/7849","targetHints":{"allow":["GET"]}}],"collection":[{"href":"https:\/\/agora.xtec.cat\/escolapablopicasso\/wp-json\/wp\/v2\/posts"}],"about":[{"href":"https:\/\/agora.xtec.cat\/escolapablopicasso\/wp-json\/wp\/v2\/types\/post"}],"author":[{"embeddable":true,"href":"https:\/\/agora.xtec.cat\/escolapablopicasso\/wp-json\/wp\/v2\/users\/1"}],"replies":[{"embeddable":true,"href":"https:\/\/agora.xtec.cat\/escolapablopicasso\/wp-json\/wp\/v2\/comments?post=7849"}],"version-history":[{"count":3,"href":"https:\/\/agora.xtec.cat\/escolapablopicasso\/wp-json\/wp\/v2\/posts\/7849\/revisions"}],"predecessor-version":[{"id":7853,"href":"https:\/\/agora.xtec.cat\/escolapablopicasso\/wp-json\/wp\/v2\/posts\/7849\/revisions\/7853"}],"wp:featuredmedia":[{"embeddable":true,"href":"https:\/\/agora.xtec.cat\/escolapablopicasso\/wp-json\/wp\/v2\/media\/7850"}],"wp:attachment":[{"href":"https:\/\/agora.xtec.cat\/escolapablopicasso\/wp-json\/wp\/v2\/media?parent=7849"}],"wp:term":[{"taxonomy":"category","embeddable":true,"href":"https:\/\/agora.xtec.cat\/escolapablopicasso\/wp-json\/wp\/v2\/categories?post=7849"},{"taxonomy":"post_tag","embeddable":true,"href":"https:\/\/agora.xtec.cat\/escolapablopicasso\/wp-json\/wp\/v2\/tags?post=7849"}],"curies":[{"name":"wp","href":"https:\/\/api.w.org\/{rel}","templated":true}]}}