{"id":7813,"date":"2024-03-13T16:34:54","date_gmt":"2024-03-13T15:34:54","guid":{"rendered":"https:\/\/agora.xtec.cat\/escolapablopicasso\/?p=7813"},"modified":"2024-03-13T16:37:24","modified_gmt":"2024-03-13T15:37:24","slug":"calendari-preinscripcio-curs-2024-25","status":"publish","type":"post","link":"https:\/\/agora.xtec.cat\/escolapablopicasso\/general\/calendari-preinscripcio-curs-2024-25\/","title":{"rendered":"CALENDARI PREINSCRIPCI\u00d3 CURS 2024-25"},"content":{"rendered":"<p>Si vols estar al cas de les diferents dates clau i dels terminis, has de tenir en compte alguns aspectes:<\/p>\n<p>El proc\u00e9s de preinscripci\u00f3 escolar s\u2019inicia amb la presentaci\u00f3 de la sol\u00b7licitud i acaba amb la formalitzaci\u00f3 de la matr\u00edcula.<br \/>\nDurant tot aquest temps, hi ha dates i terminis associats a actuacions clau que has de tenir presents, ja que determinen l\u2019assignaci\u00f3 final de places als centres educatius.<br \/>\nAix\u00ed, has d\u2019estar pendent de les dates i de les gestions espec\u00edfiques de cada moment del proc\u00e9s.<\/p>\n<p>Sabem que costa tenir al cap tot el calendari; per aix\u00f2, hem agrupat les dates i les actuacions m\u00e9s importants associades, en els tres moments d\u2019aquest proc\u00e9s de la preinscripci\u00f3 escolar per al curs 2024-2025: abans de la preinscripci\u00f3, durant la tramitaci\u00f3 de la sol\u00b7licitud i a l\u2019hora de formalitzar la matriculaci\u00f3. Els repassem?<\/p>\n<p><a href=\"https:\/\/agora.xtec.cat\/escolapablopicasso\/wp-content\/uploads\/usu295\/2024\/03\/calendari-preinscripcio.png\"><img loading=\"lazy\" decoding=\"async\" class=\"aligncenter wp-image-7814 size-full\" src=\"https:\/\/agora.xtec.cat\/escolapablopicasso\/wp-content\/uploads\/usu295\/2024\/03\/calendari-preinscripcio.png\" alt=\"\" width=\"689\" height=\"871\" srcset=\"https:\/\/agora.xtec.cat\/escolapablopicasso\/wp-content\/uploads\/usu295\/2024\/03\/calendari-preinscripcio.png 689w, https:\/\/agora.xtec.cat\/escolapablopicasso\/wp-content\/uploads\/usu295\/2024\/03\/calendari-preinscripcio-237x300.png 237w\" sizes=\"auto, (max-width: 689px) 100vw, 689px\" \/><\/a><\/p>\n<p>M\u00e9s informaci\u00f3 a <a href=\"https:\/\/agora.xtec.cat\/escolapablopicasso\/preinscripcio-curs-2024-2025\/\">PREINSCRIPCI\u00d3 CURS 2024-25<\/a><\/p>\n","protected":false},"excerpt":{"rendered":"<p>Si vols estar al cas de les diferents dates clau i dels terminis, has de tenir en compte alguns aspectes:<br \/>\nEl proc\u00e9s de preinscripci\u00f3 escolar s\u2019inicia amb la presentaci\u00f3 de la sol\u00b7licitud i acaba amb la formalitzaci\u00f3 de la matr\u00edcula.<br \/>\nDurant tot aquest temps, hi ha dates&hellip;  <a href=\"https:\/\/agora.xtec.cat\/escolapablopicasso\/general\/calendari-preinscripcio-curs-2024-25\/\" title=\"Read CALENDARI PREINSCRIPCI\u00d3 CURS 2024-25\">Llegeix m\u00e9s\u00bb<\/a><\/p>\n","protected":false},"author":1,"featured_media":0,"comment_status":"open","ping_status":"closed","sticky":false,"template":"","format":"standard","meta":{"_bbp_topic_count":0,"_bbp_reply_count":0,"_bbp_total_topic_count":0,"_bbp_total_reply_count":0,"_bbp_voice_count":0,"_bbp_anonymous_reply_count":0,"_bbp_topic_count_hidden":0,"_bbp_reply_count_hidden":0,"_bbp_forum_subforum_count":0,"footnotes":""},"categories":[1,4],"tags":[],"class_list":["post-7813","post","type-post","status-publish","format-standard","hentry","category-general","category-portada"],"post_mailing_queue_ids":[],"_links":{"self":[{"href":"https:\/\/agora.xtec.cat\/escolapablopicasso\/wp-json\/wp\/v2\/posts\/7813","targetHints":{"allow":["GET"]}}],"collection":[{"href":"https:\/\/agora.xtec.cat\/escolapablopicasso\/wp-json\/wp\/v2\/posts"}],"about":[{"href":"https:\/\/agora.xtec.cat\/escolapablopicasso\/wp-json\/wp\/v2\/types\/post"}],"author":[{"embeddable":true,"href":"https:\/\/agora.xtec.cat\/escolapablopicasso\/wp-json\/wp\/v2\/users\/1"}],"replies":[{"embeddable":true,"href":"https:\/\/agora.xtec.cat\/escolapablopicasso\/wp-json\/wp\/v2\/comments?post=7813"}],"version-history":[{"count":3,"href":"https:\/\/agora.xtec.cat\/escolapablopicasso\/wp-json\/wp\/v2\/posts\/7813\/revisions"}],"predecessor-version":[{"id":7819,"href":"https:\/\/agora.xtec.cat\/escolapablopicasso\/wp-json\/wp\/v2\/posts\/7813\/revisions\/7819"}],"wp:attachment":[{"href":"https:\/\/agora.xtec.cat\/escolapablopicasso\/wp-json\/wp\/v2\/media?parent=7813"}],"wp:term":[{"taxonomy":"category","embeddable":true,"href":"https:\/\/agora.xtec.cat\/escolapablopicasso\/wp-json\/wp\/v2\/categories?post=7813"},{"taxonomy":"post_tag","embeddable":true,"href":"https:\/\/agora.xtec.cat\/escolapablopicasso\/wp-json\/wp\/v2\/tags?post=7813"}],"curies":[{"name":"wp","href":"https:\/\/api.w.org\/{rel}","templated":true}]}}