{"id":7789,"date":"2024-03-01T13:37:27","date_gmt":"2024-03-01T12:37:27","guid":{"rendered":"https:\/\/agora.xtec.cat\/escolapablopicasso\/?p=7789"},"modified":"2024-03-01T13:38:13","modified_gmt":"2024-03-01T12:38:13","slug":"dia-internacional-de-la-dona","status":"publish","type":"post","link":"https:\/\/agora.xtec.cat\/escolapablopicasso\/general\/dia-internacional-de-la-dona\/","title":{"rendered":"DIA INTERNACIONAL DE LA DONA"},"content":{"rendered":"<p>El pr\u00f2xim divendres 8 de mar\u00e7 se celebra el Dia Internacional de la Dona. El \u201clema\u201d d\u2019aquest any 2024 \u00e9s: \u201cLa llibertat es defensa\u201d.<\/p>\n<p><img decoding=\"async\" class=\"aligncenter\" src=\"https:\/\/ci3.googleusercontent.com\/meips\/ADKq_NZObpUzS62RP5NomFZe9y2jATDFLuCgO8dYVVlgY9lEGc7e_rv2ABmnPqR0953z0dQVeBw25RXhFpsXpowY2m87bCcIEvy2xjpm91is9ZFwvrwWyvGGBPdABYPTOM1caZS9RARiT9nC20bftyWZpOuV_YtEU3GaUjp4E_Z29ldEUcM=s0-d-e1-ft#https:\/\/app.dinantia.com\/files\/attachments\/1709295204-787f-captura-de-pantalla-2024-03-01-a-les-13.12.21.jpg\" alt=\"Captura de Pantalla 2024-03-01 a les 13.12.21.jpg\" \/><\/p>\n<p>Durant la setmana vinent, a l&#8217;escola, es portaran a terme diferents activitats fins al dijous 7 de mar\u00e7, respectant d&#8217;aquesta aix\u00ed el dret a la vaga del divendres 8 de mar\u00e7.<\/p>\n<p>La Comissi\u00f3 de Coeducaci\u00f3 ha previst un seguit de propostes, per cicles, per poder treballar durant aquesta setmana.<\/p>\n<p>\u00c9s un dia important i volem fer part\u00edcips a les nostres criatures de les reivindicacions feministes que tenen com a objectiu cr\u00e9ixer com a societat.<\/p>\n<p>Per una societat m\u00e9s justa (i lila).<\/p>\n<p><img decoding=\"async\" class=\"aligncenter\" src=\"https:\/\/ci3.googleusercontent.com\/meips\/ADKq_NYBFpgqho8pZL1_HhjGEfxtObXTgoYI2oweprcv8RwzimVreIqoAzf_8MB2n_p3KRX1z33j4qJSC76EDW6mUDPncVOfKkgN27wvAmZVpqzHrREGk-Fskd8vPqSd3YGH5Ht1Pk2D5TuwYWkdP2sKUKqaThP-GAhV8fgBX3i_nWCqyk8=s0-d-e1-ft#https:\/\/app.dinantia.com\/files\/attachments\/1709295283-ae08-captura-de-pantalla-2024-03-01-a-les-13.14.27.jpg\" alt=\"Captura de Pantalla 2024-03-01 a les 13.14.27.jpg\" \/><\/p>\n<p><strong>IMPORTANT:\u00a0<\/strong>A l&#8217;escola Pablo Picasso volem ser de les que aixequen molins de vent!!!<\/p>\n<p>Us convidem a participar de la jornada guarnint l&#8217;escola amb molinets de vent manufacturats amb els vostres missatges. Poden ser liles o no&#8230;<\/p>\n","protected":false},"excerpt":{"rendered":"<p>El pr\u00f2xim divendres 8 de mar\u00e7 se celebra el Dia Internacional de la Dona. El \u201clema\u201d d\u2019aquest any 2024 \u00e9s: \u201cLa llibertat es defensa\u201d.<\/p>\n<p>Durant la setmana vinent, a l&#8217;escola, es portaran a terme diferents activitats fins al dijous 7 de mar\u00e7, respectant d&#8217;aquesta aix\u00ed el&hellip;  <a href=\"https:\/\/agora.xtec.cat\/escolapablopicasso\/general\/dia-internacional-de-la-dona\/\" title=\"Read DIA INTERNACIONAL DE LA DONA\">Llegeix m\u00e9s\u00bb<\/a><\/p>\n","protected":false},"author":1,"featured_media":0,"comment_status":"open","ping_status":"closed","sticky":false,"template":"","format":"standard","meta":{"_bbp_topic_count":0,"_bbp_reply_count":0,"_bbp_total_topic_count":0,"_bbp_total_reply_count":0,"_bbp_voice_count":0,"_bbp_anonymous_reply_count":0,"_bbp_topic_count_hidden":0,"_bbp_reply_count_hidden":0,"_bbp_forum_subforum_count":0,"footnotes":""},"categories":[1,4],"tags":[],"class_list":["post-7789","post","type-post","status-publish","format-standard","hentry","category-general","category-portada"],"post_mailing_queue_ids":[],"_links":{"self":[{"href":"https:\/\/agora.xtec.cat\/escolapablopicasso\/wp-json\/wp\/v2\/posts\/7789","targetHints":{"allow":["GET"]}}],"collection":[{"href":"https:\/\/agora.xtec.cat\/escolapablopicasso\/wp-json\/wp\/v2\/posts"}],"about":[{"href":"https:\/\/agora.xtec.cat\/escolapablopicasso\/wp-json\/wp\/v2\/types\/post"}],"author":[{"embeddable":true,"href":"https:\/\/agora.xtec.cat\/escolapablopicasso\/wp-json\/wp\/v2\/users\/1"}],"replies":[{"embeddable":true,"href":"https:\/\/agora.xtec.cat\/escolapablopicasso\/wp-json\/wp\/v2\/comments?post=7789"}],"version-history":[{"count":2,"href":"https:\/\/agora.xtec.cat\/escolapablopicasso\/wp-json\/wp\/v2\/posts\/7789\/revisions"}],"predecessor-version":[{"id":7791,"href":"https:\/\/agora.xtec.cat\/escolapablopicasso\/wp-json\/wp\/v2\/posts\/7789\/revisions\/7791"}],"wp:attachment":[{"href":"https:\/\/agora.xtec.cat\/escolapablopicasso\/wp-json\/wp\/v2\/media?parent=7789"}],"wp:term":[{"taxonomy":"category","embeddable":true,"href":"https:\/\/agora.xtec.cat\/escolapablopicasso\/wp-json\/wp\/v2\/categories?post=7789"},{"taxonomy":"post_tag","embeddable":true,"href":"https:\/\/agora.xtec.cat\/escolapablopicasso\/wp-json\/wp\/v2\/tags?post=7789"}],"curies":[{"name":"wp","href":"https:\/\/api.w.org\/{rel}","templated":true}]}}