{"id":7775,"date":"2024-02-28T16:40:23","date_gmt":"2024-02-28T15:40:23","guid":{"rendered":"https:\/\/agora.xtec.cat\/escolapablopicasso\/?p=7775"},"modified":"2024-02-28T16:43:15","modified_gmt":"2024-02-28T15:43:15","slug":"les-danses-del-picasso","status":"publish","type":"post","link":"https:\/\/agora.xtec.cat\/escolapablopicasso\/general\/les-danses-del-picasso\/","title":{"rendered":"LES DANSES DEL PICASSO"},"content":{"rendered":"<p>El proper divendres 22 de mar\u00e7 a les 9,30 h farem &#8220;Les danses del Picasso&#8221; al pati de l&#8217;escola.<\/p>\n<p>Aquest curs la tem\u00e0tica principal \u00e9s&#8230; les EMOCIONS. Cada nivell far\u00e0 una dansa relacionada amb una emoci\u00f3 (alegria, tristesa, ira, angoixa&#8230;) per tant, hem volgut reflectir els nostres sentiments en els moviments corporals combinats amb la m\u00fasica.<\/p>\n<p>Aquesta setmana us arribar\u00e0 un Din\u00e0ntia amb el vestuari d&#8217;aquell dia.<\/p>\n<p><a href=\"https:\/\/agora.xtec.cat\/escolapablopicasso\/wp-content\/uploads\/usu295\/2024\/02\/DANSES.png\"><img loading=\"lazy\" decoding=\"async\" class=\"aligncenter size-large wp-image-7776\" src=\"https:\/\/agora.xtec.cat\/escolapablopicasso\/wp-content\/uploads\/usu295\/2024\/02\/DANSES-724x1024.png\" alt=\"\" width=\"724\" height=\"1024\" srcset=\"https:\/\/agora.xtec.cat\/escolapablopicasso\/wp-content\/uploads\/usu295\/2024\/02\/DANSES-724x1024.png 724w, https:\/\/agora.xtec.cat\/escolapablopicasso\/wp-content\/uploads\/usu295\/2024\/02\/DANSES-212x300.png 212w, https:\/\/agora.xtec.cat\/escolapablopicasso\/wp-content\/uploads\/usu295\/2024\/02\/DANSES-768x1086.png 768w, https:\/\/agora.xtec.cat\/escolapablopicasso\/wp-content\/uploads\/usu295\/2024\/02\/DANSES-1086x1536.png 1086w, https:\/\/agora.xtec.cat\/escolapablopicasso\/wp-content\/uploads\/usu295\/2024\/02\/DANSES.png 1414w\" sizes=\"auto, (max-width: 724px) 100vw, 724px\" \/><\/a><\/p>\n","protected":false},"excerpt":{"rendered":"<p>El proper divendres 22 de mar\u00e7 a les 9,30 h farem &#8220;Les danses del Picasso&#8221; al pati de l&#8217;escola.<br \/>\nAquest curs la tem\u00e0tica principal \u00e9s&#8230; les EMOCIONS. Cada nivell far\u00e0 una dansa relacionada amb una emoci\u00f3 (alegria, tristesa, ira, angoixa&#8230;) per tant, hem volgut reflectir els&hellip;  <a href=\"https:\/\/agora.xtec.cat\/escolapablopicasso\/general\/les-danses-del-picasso\/\" title=\"Read LES DANSES DEL PICASSO\">Llegeix m\u00e9s\u00bb<\/a><\/p>\n","protected":false},"author":1,"featured_media":0,"comment_status":"open","ping_status":"closed","sticky":false,"template":"","format":"standard","meta":{"_bbp_topic_count":0,"_bbp_reply_count":0,"_bbp_total_topic_count":0,"_bbp_total_reply_count":0,"_bbp_voice_count":0,"_bbp_anonymous_reply_count":0,"_bbp_topic_count_hidden":0,"_bbp_reply_count_hidden":0,"_bbp_forum_subforum_count":0,"footnotes":""},"categories":[27,23,1,24,4],"tags":[],"class_list":["post-7775","post","type-post","status-publish","format-standard","hentry","category-ed-fisica","category-nadal","category-general","category-musica","category-portada"],"post_mailing_queue_ids":[],"_links":{"self":[{"href":"https:\/\/agora.xtec.cat\/escolapablopicasso\/wp-json\/wp\/v2\/posts\/7775","targetHints":{"allow":["GET"]}}],"collection":[{"href":"https:\/\/agora.xtec.cat\/escolapablopicasso\/wp-json\/wp\/v2\/posts"}],"about":[{"href":"https:\/\/agora.xtec.cat\/escolapablopicasso\/wp-json\/wp\/v2\/types\/post"}],"author":[{"embeddable":true,"href":"https:\/\/agora.xtec.cat\/escolapablopicasso\/wp-json\/wp\/v2\/users\/1"}],"replies":[{"embeddable":true,"href":"https:\/\/agora.xtec.cat\/escolapablopicasso\/wp-json\/wp\/v2\/comments?post=7775"}],"version-history":[{"count":2,"href":"https:\/\/agora.xtec.cat\/escolapablopicasso\/wp-json\/wp\/v2\/posts\/7775\/revisions"}],"predecessor-version":[{"id":7787,"href":"https:\/\/agora.xtec.cat\/escolapablopicasso\/wp-json\/wp\/v2\/posts\/7775\/revisions\/7787"}],"wp:attachment":[{"href":"https:\/\/agora.xtec.cat\/escolapablopicasso\/wp-json\/wp\/v2\/media?parent=7775"}],"wp:term":[{"taxonomy":"category","embeddable":true,"href":"https:\/\/agora.xtec.cat\/escolapablopicasso\/wp-json\/wp\/v2\/categories?post=7775"},{"taxonomy":"post_tag","embeddable":true,"href":"https:\/\/agora.xtec.cat\/escolapablopicasso\/wp-json\/wp\/v2\/tags?post=7775"}],"curies":[{"name":"wp","href":"https:\/\/api.w.org\/{rel}","templated":true}]}}