{"id":7766,"date":"2024-02-01T19:26:12","date_gmt":"2024-02-01T18:26:12","guid":{"rendered":"https:\/\/agora.xtec.cat\/escolapablopicasso\/?p=7766"},"modified":"2024-02-03T19:38:07","modified_gmt":"2024-02-03T18:38:07","slug":"artista-del-mes-4","status":"publish","type":"post","link":"https:\/\/agora.xtec.cat\/escolapablopicasso\/general\/artista-del-mes-4\/","title":{"rendered":"ARTISTA DEL MES"},"content":{"rendered":"<p>Aquest mes de febrer Johann Pachelbel ens acompanyar\u00e0 amb la seva m\u00fasica.<\/p>\n<p><img loading=\"lazy\" decoding=\"async\" class=\"aligncenter\" src=\"https:\/\/lastfm.freetls.fastly.net\/i\/u\/ar0\/3c45c812619a276d79be034f6025864f.jpg\" alt=\"Johann Pachelbel - M\u00fasica, videos, estad\u00edsticas y fotos | Last.fm\" width=\"339\" height=\"255\" \/><\/p>\n<p>Johann Pachelbel (Nuremberg, 1 de setembre de 1653 &#8211; ib\u00edd. 3 de mar\u00e7 de 1706) va ser un compositor, organista i professor alemany del Barroc. Pachelbel \u00e9s un dels m\u00fasics m\u00e9s importants de la generaci\u00f3 anterior a J. S. Bach. Entre les seves nombroses composicions cal esmentar el seu c\u00e8lebre C\u00e0non en Re, obra que ha estat objecte de nombrosos enregistraments.<\/p>\n<p><iframe loading=\"lazy\" src=\"\/\/www.youtube.com\/embed\/oDvtJlmIJgc\" width=\"560\" height=\"314\" allowfullscreen=\"allowfullscreen\"><\/iframe><\/p>\n","protected":false},"excerpt":{"rendered":"<p>Aquest mes de febrer Johann Pachelbel ens acompanyar\u00e0 amb la seva m\u00fasica.<\/p>\n<p>Johann Pachelbel (Nuremberg, 1 de setembre de 1653 &#8211; ib\u00edd. 3 de mar\u00e7 de 1706) va ser un compositor, organista i professor alemany del Barroc. Pachelbel \u00e9s un dels m\u00fasics m\u00e9s importants de la&hellip;  <a href=\"https:\/\/agora.xtec.cat\/escolapablopicasso\/general\/artista-del-mes-4\/\" title=\"Read ARTISTA DEL MES\">Llegeix m\u00e9s\u00bb<\/a><\/p>\n","protected":false},"author":1,"featured_media":7767,"comment_status":"open","ping_status":"closed","sticky":false,"template":"","format":"standard","meta":{"_bbp_topic_count":0,"_bbp_reply_count":0,"_bbp_total_topic_count":0,"_bbp_total_reply_count":0,"_bbp_voice_count":0,"_bbp_anonymous_reply_count":0,"_bbp_topic_count_hidden":0,"_bbp_reply_count_hidden":0,"_bbp_forum_subforum_count":0,"footnotes":""},"categories":[1,24,4],"tags":[],"class_list":["post-7766","post","type-post","status-publish","format-standard","has-post-thumbnail","hentry","category-general","category-musica","category-portada"],"post_mailing_queue_ids":[],"_links":{"self":[{"href":"https:\/\/agora.xtec.cat\/escolapablopicasso\/wp-json\/wp\/v2\/posts\/7766","targetHints":{"allow":["GET"]}}],"collection":[{"href":"https:\/\/agora.xtec.cat\/escolapablopicasso\/wp-json\/wp\/v2\/posts"}],"about":[{"href":"https:\/\/agora.xtec.cat\/escolapablopicasso\/wp-json\/wp\/v2\/types\/post"}],"author":[{"embeddable":true,"href":"https:\/\/agora.xtec.cat\/escolapablopicasso\/wp-json\/wp\/v2\/users\/1"}],"replies":[{"embeddable":true,"href":"https:\/\/agora.xtec.cat\/escolapablopicasso\/wp-json\/wp\/v2\/comments?post=7766"}],"version-history":[{"count":1,"href":"https:\/\/agora.xtec.cat\/escolapablopicasso\/wp-json\/wp\/v2\/posts\/7766\/revisions"}],"predecessor-version":[{"id":7768,"href":"https:\/\/agora.xtec.cat\/escolapablopicasso\/wp-json\/wp\/v2\/posts\/7766\/revisions\/7768"}],"wp:featuredmedia":[{"embeddable":true,"href":"https:\/\/agora.xtec.cat\/escolapablopicasso\/wp-json\/wp\/v2\/media\/7767"}],"wp:attachment":[{"href":"https:\/\/agora.xtec.cat\/escolapablopicasso\/wp-json\/wp\/v2\/media?parent=7766"}],"wp:term":[{"taxonomy":"category","embeddable":true,"href":"https:\/\/agora.xtec.cat\/escolapablopicasso\/wp-json\/wp\/v2\/categories?post=7766"},{"taxonomy":"post_tag","embeddable":true,"href":"https:\/\/agora.xtec.cat\/escolapablopicasso\/wp-json\/wp\/v2\/tags?post=7766"}],"curies":[{"name":"wp","href":"https:\/\/api.w.org\/{rel}","templated":true}]}}