{"id":7755,"date":"2024-01-28T16:35:50","date_gmt":"2024-01-28T15:35:50","guid":{"rendered":"https:\/\/agora.xtec.cat\/escolapablopicasso\/?p=7755"},"modified":"2024-01-29T16:46:05","modified_gmt":"2024-01-29T15:46:05","slug":"carnestoltes-2024-2","status":"publish","type":"post","link":"https:\/\/agora.xtec.cat\/escolapablopicasso\/general\/carnestoltes-2024-2\/","title":{"rendered":"CARNESTOLTES 2024"},"content":{"rendered":"<p>Ja s&#8217;acosta el CARNESTOLTES.<\/p>\n<p>Tal com ja es va anunciar al full d&#8217;organitzaci\u00f3 del curs, <u>el proper divendres 9 de febrer celebrarem a l&#8217;escola la festa de Carnestoltes<\/u>.<\/p>\n<p>Despr\u00e9s d&#8217;una setmana on haurem de seguir les consignes proposades des de l&#8217;AFA, l&#8217;escola celebrar\u00e0 una <u>festa interna la tarda del divendres<\/u>.<\/p>\n<p>Dins l&#8217;horari escolar (de 15 a 16:30 h) els infants podran venir al centre disfressats d&#8217;all\u00f2 que m\u00e9s els agrada per ballar amb una DISCOM\u00d2BIL i prendre la xocolata amb melindros que ens ofereix l&#8217;AFA (sempre hi ha opcions diferents per aquells que presenten al\u00b7l\u00e8rgies o intoler\u00e0ncies).<\/p>\n<p>Recomanem que, en el cas dels m\u00e9s petits, busqueu una disfressa c\u00f2moda que els permeti anar al lavabo amb facilitat.<\/p>\n<p>Tots aquells infants que es queden al menjador, podran portar la disfressa en una bossa i el monitoratge ajudar\u00e0 a vestir-los.\u00a0Aix\u00ed mateix, intentem evitar complements perillosos, que es poden trencar, perdre&#8230;<\/p>\n<p>Aprofitem per recordar-vos que el dilluns dia\u00a0<strong>12 de febrer \u00e9s festa de lliure disposici\u00f3<\/strong>, per tant, l&#8217;escola romandr\u00e0 tancada.<\/p>\n<p><a href=\"https:\/\/agora.xtec.cat\/escolapablopicasso\/wp-content\/uploads\/usu295\/2024\/01\/CARNESTOLTES.png\"><img loading=\"lazy\" decoding=\"async\" class=\"aligncenter wp-image-7756 size-large\" src=\"https:\/\/agora.xtec.cat\/escolapablopicasso\/wp-content\/uploads\/usu295\/2024\/01\/CARNESTOLTES-731x1024.png\" alt=\"\" width=\"731\" height=\"1024\" srcset=\"https:\/\/agora.xtec.cat\/escolapablopicasso\/wp-content\/uploads\/usu295\/2024\/01\/CARNESTOLTES-731x1024.png 731w, https:\/\/agora.xtec.cat\/escolapablopicasso\/wp-content\/uploads\/usu295\/2024\/01\/CARNESTOLTES-214x300.png 214w, https:\/\/agora.xtec.cat\/escolapablopicasso\/wp-content\/uploads\/usu295\/2024\/01\/CARNESTOLTES-768x1075.png 768w, https:\/\/agora.xtec.cat\/escolapablopicasso\/wp-content\/uploads\/usu295\/2024\/01\/CARNESTOLTES-1097x1536.png 1097w, https:\/\/agora.xtec.cat\/escolapablopicasso\/wp-content\/uploads\/usu295\/2024\/01\/CARNESTOLTES-1463x2048.png 1463w, https:\/\/agora.xtec.cat\/escolapablopicasso\/wp-content\/uploads\/usu295\/2024\/01\/CARNESTOLTES.png 1920w\" sizes=\"auto, (max-width: 731px) 100vw, 731px\" \/><\/a><\/p>\n","protected":false},"excerpt":{"rendered":"<p>Ja s&#8217;acosta el CARNESTOLTES.<br \/>\nTal com ja es va anunciar al full d&#8217;organitzaci\u00f3 del curs, el proper divendres 9 de febrer celebrarem a l&#8217;escola la festa de Carnestoltes.<br \/>\nDespr\u00e9s d&#8217;una setmana on haurem de seguir les consignes proposades des de l&#8217;AFA, l&#8217;escola celebrar\u00e0 una festa interna la&hellip;  <a href=\"https:\/\/agora.xtec.cat\/escolapablopicasso\/general\/carnestoltes-2024-2\/\" title=\"Read CARNESTOLTES 2024\">Llegeix m\u00e9s\u00bb<\/a><\/p>\n","protected":false},"author":1,"featured_media":0,"comment_status":"open","ping_status":"closed","sticky":false,"template":"","format":"standard","meta":{"_bbp_topic_count":0,"_bbp_reply_count":0,"_bbp_total_topic_count":0,"_bbp_total_reply_count":0,"_bbp_voice_count":0,"_bbp_anonymous_reply_count":0,"_bbp_topic_count_hidden":0,"_bbp_reply_count_hidden":0,"_bbp_forum_subforum_count":0,"footnotes":""},"categories":[23,1,4],"tags":[],"class_list":["post-7755","post","type-post","status-publish","format-standard","hentry","category-nadal","category-general","category-portada"],"post_mailing_queue_ids":[],"_links":{"self":[{"href":"https:\/\/agora.xtec.cat\/escolapablopicasso\/wp-json\/wp\/v2\/posts\/7755","targetHints":{"allow":["GET"]}}],"collection":[{"href":"https:\/\/agora.xtec.cat\/escolapablopicasso\/wp-json\/wp\/v2\/posts"}],"about":[{"href":"https:\/\/agora.xtec.cat\/escolapablopicasso\/wp-json\/wp\/v2\/types\/post"}],"author":[{"embeddable":true,"href":"https:\/\/agora.xtec.cat\/escolapablopicasso\/wp-json\/wp\/v2\/users\/1"}],"replies":[{"embeddable":true,"href":"https:\/\/agora.xtec.cat\/escolapablopicasso\/wp-json\/wp\/v2\/comments?post=7755"}],"version-history":[{"count":2,"href":"https:\/\/agora.xtec.cat\/escolapablopicasso\/wp-json\/wp\/v2\/posts\/7755\/revisions"}],"predecessor-version":[{"id":7758,"href":"https:\/\/agora.xtec.cat\/escolapablopicasso\/wp-json\/wp\/v2\/posts\/7755\/revisions\/7758"}],"wp:attachment":[{"href":"https:\/\/agora.xtec.cat\/escolapablopicasso\/wp-json\/wp\/v2\/media?parent=7755"}],"wp:term":[{"taxonomy":"category","embeddable":true,"href":"https:\/\/agora.xtec.cat\/escolapablopicasso\/wp-json\/wp\/v2\/categories?post=7755"},{"taxonomy":"post_tag","embeddable":true,"href":"https:\/\/agora.xtec.cat\/escolapablopicasso\/wp-json\/wp\/v2\/tags?post=7755"}],"curies":[{"name":"wp","href":"https:\/\/api.w.org\/{rel}","templated":true}]}}