{"id":7726,"date":"2024-01-29T09:00:33","date_gmt":"2024-01-29T08:00:33","guid":{"rendered":"https:\/\/agora.xtec.cat\/escolapablopicasso\/?p=7726"},"modified":"2024-02-28T14:12:55","modified_gmt":"2024-02-28T13:12:55","slug":"portes-obertes-2024","status":"publish","type":"post","link":"https:\/\/agora.xtec.cat\/escolapablopicasso\/general\/portes-obertes-2024\/","title":{"rendered":"PORTES OBERTES 2024"},"content":{"rendered":"<p>Des de l\u2019Oficina Municipal d\u2019Escolaritzaci\u00f3 de Barber\u00e0 del Vall\u00e8s, s\u2019ha creat aquesta <a href=\"https:\/\/www.bdv.cat\/preinscripcio-i-matricula-al-curs-2024-2025\">p\u00e0gina<\/a> on podeu consultar:<\/p>\n<p>-Informaci\u00f3 general dels centres educatius de de 2n cicle d\u2019educaci\u00f3 infantil, prim\u00e0ria i secund\u00e0ria de Barber\u00e0 del Vall\u00e8s<br \/>\n-Dates de les portes obertes<br \/>\n-Les zones educatives de la ciutat<br \/>\n-Codis dels centres educatius<br \/>\n-Les webs de refer\u00e8ncia per tenir la informaci\u00f3 actualitzada sobre la preinscripci\u00f3 del curs 24\/25<\/p>\n<p>A continuaci\u00f3 trobareu les dates de les Portes Obertes de totes les escoles de Barber\u00e0 del Vall\u00e8s aix\u00ed com les seves p\u00e0gines web on podreu accedir als formularis d&#8217;inscripci\u00f3 (cliqueu les imatges per accedir al cartell):<\/p>\n<p><a href=\"https:\/\/agora.xtec.cat\/escolapablopicasso\/wp-content\/uploads\/usu295\/2024\/01\/PortesObertes-PRIM-24.png\"><img loading=\"lazy\" decoding=\"async\" class=\"aligncenter wp-image-7727 size-medium\" src=\"https:\/\/agora.xtec.cat\/escolapablopicasso\/wp-content\/uploads\/usu295\/2024\/01\/PortesObertes-PRIM-24-212x300.png\" alt=\"\" width=\"212\" height=\"300\" srcset=\"https:\/\/agora.xtec.cat\/escolapablopicasso\/wp-content\/uploads\/usu295\/2024\/01\/PortesObertes-PRIM-24-212x300.png 212w, https:\/\/agora.xtec.cat\/escolapablopicasso\/wp-content\/uploads\/usu295\/2024\/01\/PortesObertes-PRIM-24-724x1024.png 724w, https:\/\/agora.xtec.cat\/escolapablopicasso\/wp-content\/uploads\/usu295\/2024\/01\/PortesObertes-PRIM-24-768x1086.png 768w, https:\/\/agora.xtec.cat\/escolapablopicasso\/wp-content\/uploads\/usu295\/2024\/01\/PortesObertes-PRIM-24-1086x1536.png 1086w, https:\/\/agora.xtec.cat\/escolapablopicasso\/wp-content\/uploads\/usu295\/2024\/01\/PortesObertes-PRIM-24-1448x2048.png 1448w, https:\/\/agora.xtec.cat\/escolapablopicasso\/wp-content\/uploads\/usu295\/2024\/01\/PortesObertes-PRIM-24.png 1587w\" sizes=\"auto, (max-width: 212px) 100vw, 212px\" \/><\/a><\/p>\n<p>I aqu\u00ed les portes obertes dels instituts de secund\u00e0ria:<\/p>\n<p><a href=\"https:\/\/agora.xtec.cat\/escolapablopicasso\/wp-content\/uploads\/usu295\/2024\/01\/PortesObertes-SEC-24.png\"><img loading=\"lazy\" decoding=\"async\" class=\"aligncenter wp-image-7728 size-medium\" src=\"https:\/\/agora.xtec.cat\/escolapablopicasso\/wp-content\/uploads\/usu295\/2024\/01\/PortesObertes-SEC-24-212x300.png\" alt=\"\" width=\"212\" height=\"300\" srcset=\"https:\/\/agora.xtec.cat\/escolapablopicasso\/wp-content\/uploads\/usu295\/2024\/01\/PortesObertes-SEC-24-212x300.png 212w, https:\/\/agora.xtec.cat\/escolapablopicasso\/wp-content\/uploads\/usu295\/2024\/01\/PortesObertes-SEC-24-724x1024.png 724w, https:\/\/agora.xtec.cat\/escolapablopicasso\/wp-content\/uploads\/usu295\/2024\/01\/PortesObertes-SEC-24-768x1086.png 768w, https:\/\/agora.xtec.cat\/escolapablopicasso\/wp-content\/uploads\/usu295\/2024\/01\/PortesObertes-SEC-24-1086x1536.png 1086w, https:\/\/agora.xtec.cat\/escolapablopicasso\/wp-content\/uploads\/usu295\/2024\/01\/PortesObertes-SEC-24-1448x2048.png 1448w, https:\/\/agora.xtec.cat\/escolapablopicasso\/wp-content\/uploads\/usu295\/2024\/01\/PortesObertes-SEC-24.png 1587w\" sizes=\"auto, (max-width: 212px) 100vw, 212px\" \/><\/a><\/p>\n","protected":false},"excerpt":{"rendered":"<p>Des de l\u2019Oficina Municipal d\u2019Escolaritzaci\u00f3 de Barber\u00e0 del Vall\u00e8s, s\u2019ha creat aquesta <a href=\"https:\/\/www.bdv.cat\/preinscripcio-i-matricula-al-curs-2024-2025\">p\u00e0gina<\/a> on podeu consultar:<br \/>\n-Informaci\u00f3 general dels centres educatius de de 2n cicle d\u2019educaci\u00f3 infantil, prim\u00e0ria i secund\u00e0ria de Barber\u00e0 del Vall\u00e8s<br \/>\n-Dates de les portes obertes<br \/>\n-Les zones educatives de la ciutat<br \/>\n-Codis dels centres&hellip;  <a href=\"https:\/\/agora.xtec.cat\/escolapablopicasso\/general\/portes-obertes-2024\/\" title=\"Read PORTES OBERTES 2024\">Llegeix m\u00e9s\u00bb<\/a><\/p>\n","protected":false},"author":1,"featured_media":0,"comment_status":"open","ping_status":"closed","sticky":false,"template":"","format":"standard","meta":{"_bbp_topic_count":0,"_bbp_reply_count":0,"_bbp_total_topic_count":0,"_bbp_total_reply_count":0,"_bbp_voice_count":0,"_bbp_anonymous_reply_count":0,"_bbp_topic_count_hidden":0,"_bbp_reply_count_hidden":0,"_bbp_forum_subforum_count":0,"footnotes":""},"categories":[1,4],"tags":[],"class_list":["post-7726","post","type-post","status-publish","format-standard","hentry","category-general","category-portada"],"post_mailing_queue_ids":[],"_links":{"self":[{"href":"https:\/\/agora.xtec.cat\/escolapablopicasso\/wp-json\/wp\/v2\/posts\/7726","targetHints":{"allow":["GET"]}}],"collection":[{"href":"https:\/\/agora.xtec.cat\/escolapablopicasso\/wp-json\/wp\/v2\/posts"}],"about":[{"href":"https:\/\/agora.xtec.cat\/escolapablopicasso\/wp-json\/wp\/v2\/types\/post"}],"author":[{"embeddable":true,"href":"https:\/\/agora.xtec.cat\/escolapablopicasso\/wp-json\/wp\/v2\/users\/1"}],"replies":[{"embeddable":true,"href":"https:\/\/agora.xtec.cat\/escolapablopicasso\/wp-json\/wp\/v2\/comments?post=7726"}],"version-history":[{"count":4,"href":"https:\/\/agora.xtec.cat\/escolapablopicasso\/wp-json\/wp\/v2\/posts\/7726\/revisions"}],"predecessor-version":[{"id":7752,"href":"https:\/\/agora.xtec.cat\/escolapablopicasso\/wp-json\/wp\/v2\/posts\/7726\/revisions\/7752"}],"wp:attachment":[{"href":"https:\/\/agora.xtec.cat\/escolapablopicasso\/wp-json\/wp\/v2\/media?parent=7726"}],"wp:term":[{"taxonomy":"category","embeddable":true,"href":"https:\/\/agora.xtec.cat\/escolapablopicasso\/wp-json\/wp\/v2\/categories?post=7726"},{"taxonomy":"post_tag","embeddable":true,"href":"https:\/\/agora.xtec.cat\/escolapablopicasso\/wp-json\/wp\/v2\/tags?post=7726"}],"curies":[{"name":"wp","href":"https:\/\/api.w.org\/{rel}","templated":true}]}}