{"id":7720,"date":"2024-01-26T16:26:59","date_gmt":"2024-01-26T15:26:59","guid":{"rendered":"https:\/\/agora.xtec.cat\/escolapablopicasso\/?p=7720"},"modified":"2024-01-27T18:59:06","modified_gmt":"2024-01-27T17:59:06","slug":"xerrades-informatives-preinscripcio","status":"publish","type":"post","link":"https:\/\/agora.xtec.cat\/escolapablopicasso\/general\/xerrades-informatives-preinscripcio\/","title":{"rendered":"XERRADES INFORMATIVES PER A LES FAM\u00cdLIES (PREINSCRIPCI\u00d3 ESCOLAR CURS 2024-25)"},"content":{"rendered":"<p>La preinscripci\u00f3 escolar del curs 2024\/25 d\u2019educaci\u00f3 infantil (3-6 anys) i prim\u00e0ria es far\u00e0 del 6 al 20 de mar\u00e7, i d&#8217;educaci\u00f3 secund\u00e0ria obligat\u00f2ria del 8 al 20 de mar\u00e7, segons el calendari publicat pel Departament d\u2019Educaci\u00f3 de la Generalitat de Catalunya.<\/p>\n<p><strong>Matr\u00edcula: <\/strong>Educaci\u00f3 infantil, educaci\u00f3 prim\u00e0ria i educaci\u00f3 secund\u00e0ria obligat\u00f2ria: del 18 al 26 de juny<\/p>\n<p><strong>Xerrades informatives de l\u2019OME: <\/strong>L\u2019OME (Oficina Municipal d\u2019Escolaritzaci\u00f3) programar\u00e0 unes xerrades per a fam\u00edlies amb infants nascuts el 2021.<\/p>\n<p>-Dimarts 6 de febrer de 2024 a les 15.30 h. Lloc: Llar d\u2019Infants P\u00fablica Municipal Rodona<br \/>\n-Dimecres 7 de febrer de 2024 a les 17.30 h. Lloc: Llar d\u2019Infants P\u00fablica Municipal Xerinola<br \/>\n-Dimarts 13 de febrer de 2024 a les 15.30 h. Lloc: Llar d\u2019Infants P\u00fablica Municipal La Baldufa<br \/>\n-Dimecres 14 de febrer de 2024 a les 17.30 h. Lloc: Llar d\u2019Infants P\u00fablica Municipal La Blava<\/p>\n<p>Per assistir a aquestes xerrades, cal que es faci la inscripci\u00f3 a trav\u00e9s d&#8217;aquest <a href=\"https:\/\/www.bdv.cat\/inscripcio-la-xerrades-informatives-sobre-el-proces-de-preinscripcio-escolar-curs-202425-reunio\">formulari<\/a>, o b\u00e9 adre\u00e7ar-vos a l\u2019OME (Oficina Municipal d\u2019Escolaritzaci\u00f3) de Barber\u00e0 del Vall\u00e8s (Tel\u00e8fon: 93 729 71 71 ext 4240).<\/p>\n<p>El contingut de les xerrades \u00e9s el mateix en totes les sessions programades, sota aquests objectius:<\/p>\n<p>-Informar de tot el procediment de preinscripci\u00f3 segons marca la normativa vigent.<br \/>\n-Detallar el calendari de portes obertes dels centres educatius de Barber\u00e0.<br \/>\n-Deixar espai per formular dubtes i donar resposta a aquests.<\/p>\n<p>A l&#8217;apartat web de l&#8217;Ajuntament de Barber\u00e0 del Vall\u00e8s de <a href=\"https:\/\/www.bdv.cat\/preinscripcio-i-matricula-al-curs-2024-2025\">Preinscripci\u00f3 2024-2025<\/a> tamb\u00e9 podeu consultar tota la informaci\u00f3 actualitzada del proc\u00e9s de preinscripci\u00f3 i dels centres educatius de la nostra ciutat.<\/p>\n","protected":false},"excerpt":{"rendered":"<p>La preinscripci\u00f3 escolar del curs 2024\/25 d\u2019educaci\u00f3 infantil (3-6 anys) i prim\u00e0ria es far\u00e0 del 6 al 20 de mar\u00e7, i d&#8217;educaci\u00f3 secund\u00e0ria obligat\u00f2ria del 8 al 20 de mar\u00e7, segons el calendari publicat pel Departament d\u2019Educaci\u00f3 de la Generalitat de Catalunya.<br \/>\nMatr\u00edcula: Educaci\u00f3 infantil, educaci\u00f3&hellip;  <a href=\"https:\/\/agora.xtec.cat\/escolapablopicasso\/general\/xerrades-informatives-preinscripcio\/\" title=\"Read XERRADES INFORMATIVES PER A LES FAM\u00cdLIES (PREINSCRIPCI\u00d3 ESCOLAR CURS 2024-25)\">Llegeix m\u00e9s\u00bb<\/a><\/p>\n","protected":false},"author":1,"featured_media":0,"comment_status":"open","ping_status":"closed","sticky":false,"template":"","format":"standard","meta":{"_bbp_topic_count":0,"_bbp_reply_count":0,"_bbp_total_topic_count":0,"_bbp_total_reply_count":0,"_bbp_voice_count":0,"_bbp_anonymous_reply_count":0,"_bbp_topic_count_hidden":0,"_bbp_reply_count_hidden":0,"_bbp_forum_subforum_count":0,"footnotes":""},"categories":[1,4],"tags":[],"class_list":["post-7720","post","type-post","status-publish","format-standard","hentry","category-general","category-portada"],"post_mailing_queue_ids":[],"_links":{"self":[{"href":"https:\/\/agora.xtec.cat\/escolapablopicasso\/wp-json\/wp\/v2\/posts\/7720","targetHints":{"allow":["GET"]}}],"collection":[{"href":"https:\/\/agora.xtec.cat\/escolapablopicasso\/wp-json\/wp\/v2\/posts"}],"about":[{"href":"https:\/\/agora.xtec.cat\/escolapablopicasso\/wp-json\/wp\/v2\/types\/post"}],"author":[{"embeddable":true,"href":"https:\/\/agora.xtec.cat\/escolapablopicasso\/wp-json\/wp\/v2\/users\/1"}],"replies":[{"embeddable":true,"href":"https:\/\/agora.xtec.cat\/escolapablopicasso\/wp-json\/wp\/v2\/comments?post=7720"}],"version-history":[{"count":4,"href":"https:\/\/agora.xtec.cat\/escolapablopicasso\/wp-json\/wp\/v2\/posts\/7720\/revisions"}],"predecessor-version":[{"id":7740,"href":"https:\/\/agora.xtec.cat\/escolapablopicasso\/wp-json\/wp\/v2\/posts\/7720\/revisions\/7740"}],"wp:attachment":[{"href":"https:\/\/agora.xtec.cat\/escolapablopicasso\/wp-json\/wp\/v2\/media?parent=7720"}],"wp:term":[{"taxonomy":"category","embeddable":true,"href":"https:\/\/agora.xtec.cat\/escolapablopicasso\/wp-json\/wp\/v2\/categories?post=7720"},{"taxonomy":"post_tag","embeddable":true,"href":"https:\/\/agora.xtec.cat\/escolapablopicasso\/wp-json\/wp\/v2\/tags?post=7720"}],"curies":[{"name":"wp","href":"https:\/\/api.w.org\/{rel}","templated":true}]}}