{"id":7715,"date":"2024-01-26T16:02:58","date_gmt":"2024-01-26T15:02:58","guid":{"rendered":"https:\/\/agora.xtec.cat\/escolapablopicasso\/?p=7715"},"modified":"2024-01-26T16:09:09","modified_gmt":"2024-01-26T15:09:09","slug":"sequera","status":"publish","type":"post","link":"https:\/\/agora.xtec.cat\/escolapablopicasso\/general\/sequera\/","title":{"rendered":"SEQUERA"},"content":{"rendered":"<div><\/div>\n<div>\n<p>Catalunya viu des de fa molts mesos la pitjor sequera mai viscuda des que hi ha registres. Aix\u00f2 ha portat el Govern a emprendre una s\u00e8rie de mesures per potenciar l\u2019estalvi d\u2019aigua. Ara com ara, 14 comarques i m\u00e9s de 200 municipis, que comprenen una \u00e0rea de poblaci\u00f3 d\u2019uns 6 milions de persones, viuen en un estat de preemerg\u00e8ncia per sequera. Una situaci\u00f3 que podria evolucionar cap a l\u2019estat d\u2019emerg\u00e8ncia en els pr\u00f2xims dies.<\/p>\n<p>Davant d\u2019aquesta situaci\u00f3, el Departament d\u2019Acci\u00f3 Clim\u00e0tica ha elaborat aquest cartell per ser situat als lavabos de les instal\u00b7lacions del centre amb la finalitat de sensibilitzar, tant com puguem, l\u2019alumnat, professionals i tota la comunitat educativa.<\/p>\n<p>Properament tractarem, entre d&#8217;altres, el tema de la sequera a la 1a Setmana de la Ci\u00e8ncia (Canvi Clim\u00e0tic) i us animem tamb\u00e9 a seguir aquestes recomanacions a casa.<\/p>\n<\/div>\n<div><img loading=\"lazy\" decoding=\"async\" class=\"aligncenter size-full wp-image-7716\" src=\"https:\/\/agora.xtec.cat\/escolapablopicasso\/wp-content\/uploads\/usu295\/2024\/01\/cartell-sequera.png\" alt=\"\" width=\"995\" height=\"695\" srcset=\"https:\/\/agora.xtec.cat\/escolapablopicasso\/wp-content\/uploads\/usu295\/2024\/01\/cartell-sequera.png 995w, https:\/\/agora.xtec.cat\/escolapablopicasso\/wp-content\/uploads\/usu295\/2024\/01\/cartell-sequera-300x210.png 300w, https:\/\/agora.xtec.cat\/escolapablopicasso\/wp-content\/uploads\/usu295\/2024\/01\/cartell-sequera-768x536.png 768w\" sizes=\"auto, (max-width: 995px) 100vw, 995px\" \/><\/div>\n<div><\/div>\n<div><\/div>\n","protected":false},"excerpt":{"rendered":"<p>Catalunya viu des de fa molts mesos la pitjor sequera mai viscuda des que hi ha registres. Aix\u00f2 ha portat el Govern a emprendre una s\u00e8rie de mesures per potenciar l\u2019estalvi d\u2019aigua. Ara com ara, 14 comarques i m\u00e9s de 200 municipis, que comprenen una&hellip;  <a href=\"https:\/\/agora.xtec.cat\/escolapablopicasso\/general\/sequera\/\" title=\"Read SEQUERA\">Llegeix m\u00e9s\u00bb<\/a><\/p>\n","protected":false},"author":1,"featured_media":0,"comment_status":"open","ping_status":"closed","sticky":false,"template":"","format":"standard","meta":{"_bbp_topic_count":0,"_bbp_reply_count":0,"_bbp_total_topic_count":0,"_bbp_total_reply_count":0,"_bbp_voice_count":0,"_bbp_anonymous_reply_count":0,"_bbp_topic_count_hidden":0,"_bbp_reply_count_hidden":0,"_bbp_forum_subforum_count":0,"footnotes":""},"categories":[1,4],"tags":[],"class_list":["post-7715","post","type-post","status-publish","format-standard","hentry","category-general","category-portada"],"post_mailing_queue_ids":[],"_links":{"self":[{"href":"https:\/\/agora.xtec.cat\/escolapablopicasso\/wp-json\/wp\/v2\/posts\/7715","targetHints":{"allow":["GET"]}}],"collection":[{"href":"https:\/\/agora.xtec.cat\/escolapablopicasso\/wp-json\/wp\/v2\/posts"}],"about":[{"href":"https:\/\/agora.xtec.cat\/escolapablopicasso\/wp-json\/wp\/v2\/types\/post"}],"author":[{"embeddable":true,"href":"https:\/\/agora.xtec.cat\/escolapablopicasso\/wp-json\/wp\/v2\/users\/1"}],"replies":[{"embeddable":true,"href":"https:\/\/agora.xtec.cat\/escolapablopicasso\/wp-json\/wp\/v2\/comments?post=7715"}],"version-history":[{"count":3,"href":"https:\/\/agora.xtec.cat\/escolapablopicasso\/wp-json\/wp\/v2\/posts\/7715\/revisions"}],"predecessor-version":[{"id":7719,"href":"https:\/\/agora.xtec.cat\/escolapablopicasso\/wp-json\/wp\/v2\/posts\/7715\/revisions\/7719"}],"wp:attachment":[{"href":"https:\/\/agora.xtec.cat\/escolapablopicasso\/wp-json\/wp\/v2\/media?parent=7715"}],"wp:term":[{"taxonomy":"category","embeddable":true,"href":"https:\/\/agora.xtec.cat\/escolapablopicasso\/wp-json\/wp\/v2\/categories?post=7715"},{"taxonomy":"post_tag","embeddable":true,"href":"https:\/\/agora.xtec.cat\/escolapablopicasso\/wp-json\/wp\/v2\/tags?post=7715"}],"curies":[{"name":"wp","href":"https:\/\/api.w.org\/{rel}","templated":true}]}}