{"id":7704,"date":"2024-01-23T12:16:10","date_gmt":"2024-01-23T11:16:10","guid":{"rendered":"https:\/\/agora.xtec.cat\/escolapablopicasso\/?p=7704"},"modified":"2024-02-03T22:12:59","modified_gmt":"2024-02-03T21:12:59","slug":"the-plastic-mermaid","status":"publish","type":"post","link":"https:\/\/agora.xtec.cat\/escolapablopicasso\/general\/the-plastic-mermaid\/","title":{"rendered":"THE PLASTIC MERMAID"},"content":{"rendered":"<p>Els infants de Cicle Inicial (1r i 2n) hem gaudit d&#8217;una estona al T.M.C de Barber\u00e0 del Vall\u00e8s en la que ens hem exposat a la llengua anglesa mitjan\u00e7ant l&#8217;obra de teatre &#8220;The Plastic Mermaid&#8221;<\/p>\n<p><iframe loading=\"lazy\" src=\"\/\/player.vimeo.com\/video\/715205524?title=0&amp;byline=0&amp;portrait=0&amp;color=8dc7dc\" width=\"425\" height=\"350\" allowfullscreen=\"allowfullscreen\"><\/iframe><\/p>\n<p>L\u2019Ariel \u00e9s una sirena que des de fa anys col\u00b7lecciona objectes \u2018preciosos\u2019 que venen de fora del mar. Cada cop n\u2019hi ha m\u00e9s i al mar hi ha dies que no hi arriba ni la llum del sol ni l\u2019oxigen\u2026tot s\u00f3n pl\u00e0stics!<\/p>\n<p>L\u2019Ariel sortir\u00e0 a investigar qu\u00e8 est\u00e0 passant, per\u00f2 la bruixa \u00darsula nom\u00e9s li pot donar cames a canvi de la seva preciosa veu. Mentrestant, l\u2019Eric, un jove pescador, est\u00e0 molt amo\u00efnat perqu\u00e8 fa mesos que no pesca peixos, sin\u00f3 que torna amb les xarxes plenes de pl\u00e0stics que alg\u00fa aboca al mar. Potser la nova empresa de reciclatge dels germans m\u00e9s rics del poble, la Sue i el Joe, hi t\u00e9 alguna cosa a veure?<\/p>\n<p>Aconseguir\u00e0 l\u2019Ariel fer-se entendre i explicar als humans qu\u00e8 est\u00e0 passant? La creur\u00e0 l\u2019Eric quan li digui que \u00e9s una sirena? Quins paranys els posaran els germans per continuar-se enriquint i contaminant?<\/p>\n<p>Acompanyeu-nos en aquesta versi\u00f3 del cl\u00e0ssic on reflexionarem sobre la utilitzaci\u00f3 del pl\u00e0stic en la nostra vida quotidiana i parlarem de les accions que encara podem fer per salvar els nostres oceans i de retruc el planeta i a nosaltres mateixos.<\/p>\n<p><a href=\"https:\/\/agora.xtec.cat\/escolapablopicasso\/wp-content\/uploads\/usu295\/2024\/01\/1706095120583-scaled.jpg\"><img loading=\"lazy\" decoding=\"async\" class=\"wp-image-7706 aligncenter\" src=\"https:\/\/agora.xtec.cat\/escolapablopicasso\/wp-content\/uploads\/usu295\/2024\/01\/1706095120583-scaled.jpg\" alt=\"\" width=\"380\" height=\"214\" srcset=\"https:\/\/agora.xtec.cat\/escolapablopicasso\/wp-content\/uploads\/usu295\/2024\/01\/1706095120583-scaled.jpg 2560w, https:\/\/agora.xtec.cat\/escolapablopicasso\/wp-content\/uploads\/usu295\/2024\/01\/1706095120583-300x169.jpg 300w, https:\/\/agora.xtec.cat\/escolapablopicasso\/wp-content\/uploads\/usu295\/2024\/01\/1706095120583-1024x577.jpg 1024w, https:\/\/agora.xtec.cat\/escolapablopicasso\/wp-content\/uploads\/usu295\/2024\/01\/1706095120583-768x432.jpg 768w, https:\/\/agora.xtec.cat\/escolapablopicasso\/wp-content\/uploads\/usu295\/2024\/01\/1706095120583-1536x865.jpg 1536w, https:\/\/agora.xtec.cat\/escolapablopicasso\/wp-content\/uploads\/usu295\/2024\/01\/1706095120583-2048x1153.jpg 2048w\" sizes=\"auto, (max-width: 380px) 100vw, 380px\" \/><\/a><\/p>\n","protected":false},"excerpt":{"rendered":"<p>Els infants de Cicle Inicial (1r i 2n) hem gaudit d&#8217;una estona al T.M.C de Barber\u00e0 del Vall\u00e8s en la que ens hem exposat a la llengua anglesa mitjan\u00e7ant l&#8217;obra de teatre &#8220;The Plastic Mermaid&#8221;<\/p>\n<p>L\u2019Ariel \u00e9s una sirena que des de fa anys col\u00b7lecciona objectes&hellip;  <a href=\"https:\/\/agora.xtec.cat\/escolapablopicasso\/general\/the-plastic-mermaid\/\" title=\"Read THE PLASTIC MERMAID\">Llegeix m\u00e9s\u00bb<\/a><\/p>\n","protected":false},"author":1,"featured_media":0,"comment_status":"open","ping_status":"closed","sticky":false,"template":"","format":"standard","meta":{"_bbp_topic_count":0,"_bbp_reply_count":0,"_bbp_total_topic_count":0,"_bbp_total_reply_count":0,"_bbp_voice_count":0,"_bbp_anonymous_reply_count":0,"_bbp_topic_count_hidden":0,"_bbp_reply_count_hidden":0,"_bbp_forum_subforum_count":0,"footnotes":""},"categories":[10,11,22,1,30],"tags":[],"class_list":["post-7704","post","type-post","status-publish","format-standard","hentry","category-1r","category-2n","category-angles","category-general","category-sortides"],"post_mailing_queue_ids":[],"_links":{"self":[{"href":"https:\/\/agora.xtec.cat\/escolapablopicasso\/wp-json\/wp\/v2\/posts\/7704","targetHints":{"allow":["GET"]}}],"collection":[{"href":"https:\/\/agora.xtec.cat\/escolapablopicasso\/wp-json\/wp\/v2\/posts"}],"about":[{"href":"https:\/\/agora.xtec.cat\/escolapablopicasso\/wp-json\/wp\/v2\/types\/post"}],"author":[{"embeddable":true,"href":"https:\/\/agora.xtec.cat\/escolapablopicasso\/wp-json\/wp\/v2\/users\/1"}],"replies":[{"embeddable":true,"href":"https:\/\/agora.xtec.cat\/escolapablopicasso\/wp-json\/wp\/v2\/comments?post=7704"}],"version-history":[{"count":6,"href":"https:\/\/agora.xtec.cat\/escolapablopicasso\/wp-json\/wp\/v2\/posts\/7704\/revisions"}],"predecessor-version":[{"id":7770,"href":"https:\/\/agora.xtec.cat\/escolapablopicasso\/wp-json\/wp\/v2\/posts\/7704\/revisions\/7770"}],"wp:attachment":[{"href":"https:\/\/agora.xtec.cat\/escolapablopicasso\/wp-json\/wp\/v2\/media?parent=7704"}],"wp:term":[{"taxonomy":"category","embeddable":true,"href":"https:\/\/agora.xtec.cat\/escolapablopicasso\/wp-json\/wp\/v2\/categories?post=7704"},{"taxonomy":"post_tag","embeddable":true,"href":"https:\/\/agora.xtec.cat\/escolapablopicasso\/wp-json\/wp\/v2\/tags?post=7704"}],"curies":[{"name":"wp","href":"https:\/\/api.w.org\/{rel}","templated":true}]}}