{"id":7667,"date":"2023-12-19T18:54:25","date_gmt":"2023-12-19T17:54:25","guid":{"rendered":"https:\/\/agora.xtec.cat\/escolapablopicasso\/?p=7667"},"modified":"2023-12-20T08:58:50","modified_gmt":"2023-12-20T07:58:50","slug":"final-de-trimestre-i-vacances","status":"publish","type":"post","link":"https:\/\/agora.xtec.cat\/escolapablopicasso\/general\/final-de-trimestre-i-vacances\/","title":{"rendered":"FINAL DE TRIMESTRE I VACANCES"},"content":{"rendered":"<p>Bona tarda fam\u00edlia,<\/p>\n<p>Ja s&#8217;ha acabat el trimestre i cal que tingueu presents alguns aspectes:<\/p>\n<ul>\n<li>Dem\u00e0 dia\u00a0<strong>20 de desembre \u00e9s el darrer dia del trimestre<\/strong>\u00a0i fem intensiva per tant l&#8217;<strong>horari de classe ser\u00e0 de 9h a 13h.<\/strong>\u00a0Pels infants que es queden al\u00a0<strong>menjador ser\u00e0 fins les 15h.<\/strong><\/li>\n<li>A partir de les 17h de dem\u00e0 comen\u00e7aran a arribar els informes de prim\u00e0ria via Dinantia. Recordeu que \u00e9s un model nou al que tots\/es ens hem d&#8217;acostumar (si teniu dubtes demaneu hora al professorat en tornar de les vacances o espereu a la setmana d&#8217;entrevistes del febrer).<\/li>\n<li>Durant el trimestre hem tornat a recollir un munt de material perdut: roba, carmanyoles, necessers&#8230; podeu passar a recollir-los fins el dia 12 de gener en que es portar\u00e0 al Punt Blau tot el que quedi (si marqueu les coses amb el nom \u00e9s m\u00e9s f\u00e0cil retornar-les).<\/li>\n<li>El Centre Obert va donar per finalitzat el trimestre el passat dilluns dia 18.<\/li>\n<li>El\u00a0<strong>primer dia del 2n trimestre ser\u00e0 el dilluns 8 de gener<\/strong>\u00a0de 2024.<\/li>\n<\/ul>\n<p>Aprofitem per desitjar-vos unes Bones Festes i dies de descans recordant les paraules de la Joana Raspall que alguns dels vostres fills i filles han treballat a classe.<\/p>\n<p>Atentament,<\/p>\n<p>L&#8217;Equip Directiu<\/p>\n<p><a href=\"https:\/\/agora.xtec.cat\/escolapablopicasso\/wp-content\/uploads\/usu295\/2023\/12\/BONES-FESTES.png\"><img loading=\"lazy\" decoding=\"async\" class=\"aligncenter wp-image-7668 size-full\" src=\"https:\/\/agora.xtec.cat\/escolapablopicasso\/wp-content\/uploads\/usu295\/2023\/12\/BONES-FESTES.png\" alt=\"\" width=\"1053\" height=\"749\" srcset=\"https:\/\/agora.xtec.cat\/escolapablopicasso\/wp-content\/uploads\/usu295\/2023\/12\/BONES-FESTES.png 1053w, https:\/\/agora.xtec.cat\/escolapablopicasso\/wp-content\/uploads\/usu295\/2023\/12\/BONES-FESTES-300x213.png 300w, https:\/\/agora.xtec.cat\/escolapablopicasso\/wp-content\/uploads\/usu295\/2023\/12\/BONES-FESTES-1024x728.png 1024w, https:\/\/agora.xtec.cat\/escolapablopicasso\/wp-content\/uploads\/usu295\/2023\/12\/BONES-FESTES-768x546.png 768w\" sizes=\"auto, (max-width: 1053px) 100vw, 1053px\" \/><\/a><\/p>\n","protected":false},"excerpt":{"rendered":"<p>Bona tarda fam\u00edlia,<br \/>\nJa s&#8217;ha acabat el trimestre i cal que tingueu presents alguns aspectes:<\/p>\n<ul>\n<li>Dem\u00e0 dia\u00a020 de desembre \u00e9s el darrer dia del trimestre\u00a0i fem intensiva per tant l&#8217;horari de classe ser\u00e0 de 9h a 13h.\u00a0Pels infants que es queden al\u00a0menjador ser\u00e0 fins les 15h.<\/li>\n<li>A partir&hellip;  <a href=\"https:\/\/agora.xtec.cat\/escolapablopicasso\/general\/final-de-trimestre-i-vacances\/\" title=\"Read FINAL DE TRIMESTRE I VACANCES\">Llegeix m\u00e9s\u00bb<\/a><br \/>\n","protected":false},"author":1,"featured_media":0,"comment_status":"open","ping_status":"closed","sticky":false,"template":"","format":"standard","meta":{"_bbp_topic_count":0,"_bbp_reply_count":0,"_bbp_total_topic_count":0,"_bbp_total_reply_count":0,"_bbp_voice_count":0,"_bbp_anonymous_reply_count":0,"_bbp_topic_count_hidden":0,"_bbp_reply_count_hidden":0,"_bbp_forum_subforum_count":0,"footnotes":""},"categories":[1,4],"tags":[],"class_list":["post-7667","post","type-post","status-publish","format-standard","hentry","category-general","category-portada"],"post_mailing_queue_ids":[],"_links":{"self":[{"href":"https:\/\/agora.xtec.cat\/escolapablopicasso\/wp-json\/wp\/v2\/posts\/7667","targetHints":{"allow":["GET"]}}],"collection":[{"href":"https:\/\/agora.xtec.cat\/escolapablopicasso\/wp-json\/wp\/v2\/posts"}],"about":[{"href":"https:\/\/agora.xtec.cat\/escolapablopicasso\/wp-json\/wp\/v2\/types\/post"}],"author":[{"embeddable":true,"href":"https:\/\/agora.xtec.cat\/escolapablopicasso\/wp-json\/wp\/v2\/users\/1"}],"replies":[{"embeddable":true,"href":"https:\/\/agora.xtec.cat\/escolapablopicasso\/wp-json\/wp\/v2\/comments?post=7667"}],"version-history":[{"count":2,"href":"https:\/\/agora.xtec.cat\/escolapablopicasso\/wp-json\/wp\/v2\/posts\/7667\/revisions"}],"predecessor-version":[{"id":7670,"href":"https:\/\/agora.xtec.cat\/escolapablopicasso\/wp-json\/wp\/v2\/posts\/7667\/revisions\/7670"}],"wp:attachment":[{"href":"https:\/\/agora.xtec.cat\/escolapablopicasso\/wp-json\/wp\/v2\/media?parent=7667"}],"wp:term":[{"taxonomy":"category","embeddable":true,"href":"https:\/\/agora.xtec.cat\/escolapablopicasso\/wp-json\/wp\/v2\/categories?post=7667"},{"taxonomy":"post_tag","embeddable":true,"href":"https:\/\/agora.xtec.cat\/escolapablopicasso\/wp-json\/wp\/v2\/tags?post=7667"}],"curies":[{"name":"wp","href":"https:\/\/api.w.org\/{rel}","templated":true}]}}