{"id":7663,"date":"2023-12-19T08:52:26","date_gmt":"2023-12-19T07:52:26","guid":{"rendered":"https:\/\/agora.xtec.cat\/escolapablopicasso\/?p=7663"},"modified":"2023-12-19T08:53:15","modified_gmt":"2023-12-19T07:53:15","slug":"dates-preinscripcio-curs-2024-2025","status":"publish","type":"post","link":"https:\/\/agora.xtec.cat\/escolapablopicasso\/general\/dates-preinscripcio-curs-2024-2025\/","title":{"rendered":"DATES PREINSCRIPCI\u00d3 CURS 2024-2025"},"content":{"rendered":"<p>Ja podeu consultar les dates de presentaci\u00f3 de sol\u00b7licituds dels ensenyaments obligatoris:<\/p>\n<p><strong>Educaci\u00f3 infantil (3-6 anys), educaci\u00f3 prim\u00e0ria i educaci\u00f3 secund\u00e0ria obligat\u00f2ria<\/strong><\/p>\n<p><strong>Presentaci\u00f3 de sol\u00b7licituds:<\/strong><\/p>\n<ul>\n<li>Educaci\u00f3 infantil (3-6 anys) i educaci\u00f3 prim\u00e0ria:\u00a0<strong>del 6 al 20 de mar\u00e7<\/strong><\/li>\n<li>Educaci\u00f3 secund\u00e0ria obligat\u00f2ria:\u00a0<strong>del 8 al 20 de mar\u00e7<\/strong><\/li>\n<\/ul>\n<p><strong>Matr\u00edcula:<\/strong><\/p>\n<ul>\n<li>Educaci\u00f3 infantil, educaci\u00f3 prim\u00e0ria i educaci\u00f3 secund\u00e0ria obligat\u00f2ria:\u00a0<strong>del 18 al 26 de juny<\/strong><\/li>\n<\/ul>\n<p><a href=\"https:\/\/preinscripcio.gencat.cat\/ca\/detalls\/noticia\/dates-preinscripcio-2024-2025\"><img loading=\"lazy\" decoding=\"async\" class=\"aligncenter wp-image-7664 size-large\" src=\"https:\/\/agora.xtec.cat\/escolapablopicasso\/wp-content\/uploads\/usu295\/2023\/12\/preinscripcio.gif_554688466-1024x576.png\" alt=\"\" width=\"1024\" height=\"576\" srcset=\"https:\/\/agora.xtec.cat\/escolapablopicasso\/wp-content\/uploads\/usu295\/2023\/12\/preinscripcio.gif_554688466-1024x576.png 1024w, https:\/\/agora.xtec.cat\/escolapablopicasso\/wp-content\/uploads\/usu295\/2023\/12\/preinscripcio.gif_554688466-300x169.png 300w, https:\/\/agora.xtec.cat\/escolapablopicasso\/wp-content\/uploads\/usu295\/2023\/12\/preinscripcio.gif_554688466-768x432.png 768w, https:\/\/agora.xtec.cat\/escolapablopicasso\/wp-content\/uploads\/usu295\/2023\/12\/preinscripcio.gif_554688466.png 1200w\" sizes=\"auto, (max-width: 1024px) 100vw, 1024px\" \/><\/a><\/p>\n<p>(cliqueu la imatge per accedir a la not\u00edcia)<\/p>\n","protected":false},"excerpt":{"rendered":"<p>Ja podeu consultar les dates de presentaci\u00f3 de sol\u00b7licituds dels ensenyaments obligatoris:<br \/>\nEducaci\u00f3 infantil (3-6 anys), educaci\u00f3 prim\u00e0ria i educaci\u00f3 secund\u00e0ria obligat\u00f2ria<br \/>\nPresentaci\u00f3 de sol\u00b7licituds:<\/p>\n<ul>\n<li>Educaci\u00f3 infantil (3-6 anys) i educaci\u00f3 prim\u00e0ria:\u00a0del 6 al 20 de mar\u00e7<\/li>\n<li>Educaci\u00f3 secund\u00e0ria obligat\u00f2ria:\u00a0del 8 al 20 de mar\u00e7<\/li>\n<\/ul>\n<p>Matr\u00edcula:<\/p>\n<ul>\n<li>Educaci\u00f3 infantil, educaci\u00f3 prim\u00e0ria i&hellip;  <a href=\"https:\/\/agora.xtec.cat\/escolapablopicasso\/general\/dates-preinscripcio-curs-2024-2025\/\" title=\"Read DATES PREINSCRIPCI\u00d3 CURS 2024-2025\">Llegeix m\u00e9s\u00bb<\/a><br \/>\n","protected":false},"author":1,"featured_media":0,"comment_status":"open","ping_status":"closed","sticky":false,"template":"","format":"standard","meta":{"_bbp_topic_count":0,"_bbp_reply_count":0,"_bbp_total_topic_count":0,"_bbp_total_reply_count":0,"_bbp_voice_count":0,"_bbp_anonymous_reply_count":0,"_bbp_topic_count_hidden":0,"_bbp_reply_count_hidden":0,"_bbp_forum_subforum_count":0,"footnotes":""},"categories":[1,4],"tags":[],"class_list":["post-7663","post","type-post","status-publish","format-standard","hentry","category-general","category-portada"],"post_mailing_queue_ids":[],"_links":{"self":[{"href":"https:\/\/agora.xtec.cat\/escolapablopicasso\/wp-json\/wp\/v2\/posts\/7663","targetHints":{"allow":["GET"]}}],"collection":[{"href":"https:\/\/agora.xtec.cat\/escolapablopicasso\/wp-json\/wp\/v2\/posts"}],"about":[{"href":"https:\/\/agora.xtec.cat\/escolapablopicasso\/wp-json\/wp\/v2\/types\/post"}],"author":[{"embeddable":true,"href":"https:\/\/agora.xtec.cat\/escolapablopicasso\/wp-json\/wp\/v2\/users\/1"}],"replies":[{"embeddable":true,"href":"https:\/\/agora.xtec.cat\/escolapablopicasso\/wp-json\/wp\/v2\/comments?post=7663"}],"version-history":[{"count":2,"href":"https:\/\/agora.xtec.cat\/escolapablopicasso\/wp-json\/wp\/v2\/posts\/7663\/revisions"}],"predecessor-version":[{"id":7666,"href":"https:\/\/agora.xtec.cat\/escolapablopicasso\/wp-json\/wp\/v2\/posts\/7663\/revisions\/7666"}],"wp:attachment":[{"href":"https:\/\/agora.xtec.cat\/escolapablopicasso\/wp-json\/wp\/v2\/media?parent=7663"}],"wp:term":[{"taxonomy":"category","embeddable":true,"href":"https:\/\/agora.xtec.cat\/escolapablopicasso\/wp-json\/wp\/v2\/categories?post=7663"},{"taxonomy":"post_tag","embeddable":true,"href":"https:\/\/agora.xtec.cat\/escolapablopicasso\/wp-json\/wp\/v2\/tags?post=7663"}],"curies":[{"name":"wp","href":"https:\/\/api.w.org\/{rel}","templated":true}]}}