{"id":7660,"date":"2023-12-13T10:16:13","date_gmt":"2023-12-13T09:16:13","guid":{"rendered":"https:\/\/agora.xtec.cat\/escolapablopicasso\/?p=7660"},"modified":"2023-12-13T10:16:13","modified_gmt":"2023-12-13T09:16:13","slug":"cursos-de-catala-per-a-adults","status":"publish","type":"post","link":"https:\/\/agora.xtec.cat\/escolapablopicasso\/general\/cursos-de-catala-per-a-adults\/","title":{"rendered":"CURSOS DE CATAL\u00c0 PER A ADULTS"},"content":{"rendered":"<p>Us recordem que torna a obrir-se la convocat\u00f2ria per fer cursos gratu\u00efts de catal\u00e0 per a adults a la nostra escola.<\/p>\n<p>Els que estigueu interessats, teniu un\u00a0<strong>formulari d&#8217;inscripci\u00f3 a secretaria<\/strong> o b\u00e9 podeu anar presencialment a:<\/p>\n<p><strong>Casal de Cultura<\/strong><\/p>\n<p><strong>C\/Nemesi Valls, 35\u00a02\u00aa<\/strong><\/p>\n<p><strong>08210 Barber\u00e0 del Vall\u00e8s<\/strong><\/p>\n<p>En horari de\u00a09h\u00a0a\u00a013h\u00a0i de\u00a016h\u00a0a\u00a019h.<\/p>\n<p>Tamb\u00e9 ho podeu fer per internet:\u00a0<strong><a href=\"https:\/\/app.dinantia.com\/api\/system\/track_link\/ARhP5NfJAJgP\/11411052?original_url=https%3A%2F%2Fwww.cpnl.cat%2Finscripcions%2F\" target=\"_blank\" rel=\"noopener\" data-saferedirecturl=\"https:\/\/www.google.com\/url?q=https:\/\/app.dinantia.com\/api\/system\/track_link\/ARhP5NfJAJgP\/11411052?original_url%3Dhttps%253A%252F%252Fwww.cpnl.cat%252Finscripcions%252F&amp;source=gmail&amp;ust=1702544996350000&amp;usg=AOvVaw1Z3kyETobL-9eF4SjG5LC4\">https:\/\/www.cpnl.cat\/<wbr \/>inscripcions\/<\/a><\/strong><\/p>\n<p>El curs ser\u00e0 dimarts i dijous de 9:15 a 11:15h, al nostre centre.<\/p>\n<p><img loading=\"lazy\" decoding=\"async\" class=\"aligncenter\" src=\"https:\/\/cdn-icons-png.flaticon.com\/512\/3411\/3411956.png\" alt=\"Idiomas - Iconos gratis de educaci\u00f3n\" width=\"357\" height=\"357\" \/><\/p>\n","protected":false},"excerpt":{"rendered":"<p>Us recordem que torna a obrir-se la convocat\u00f2ria per fer cursos gratu\u00efts de catal\u00e0 per a adults a la nostra escola.<br \/>\nEls que estigueu interessats, teniu un\u00a0formulari d&#8217;inscripci\u00f3 a secretaria o b\u00e9 podeu anar presencialment a:<br \/>\nCasal de Cultura<br \/>\nC\/Nemesi Valls, 35\u00a02\u00aa<br \/>\n08210 Barber\u00e0 del Vall\u00e8s<br \/>\nEn horari de\u00a09h\u00a0a\u00a013h\u00a0i de\u00a016h\u00a0a\u00a019h.<br \/>\nTamb\u00e9&hellip;  <a href=\"https:\/\/agora.xtec.cat\/escolapablopicasso\/general\/cursos-de-catala-per-a-adults\/\" title=\"Read CURSOS DE CATAL\u00c0 PER A ADULTS\">Llegeix m\u00e9s\u00bb<\/a><\/p>\n","protected":false},"author":1,"featured_media":0,"comment_status":"open","ping_status":"closed","sticky":false,"template":"","format":"standard","meta":{"_bbp_topic_count":0,"_bbp_reply_count":0,"_bbp_total_topic_count":0,"_bbp_total_reply_count":0,"_bbp_voice_count":0,"_bbp_anonymous_reply_count":0,"_bbp_topic_count_hidden":0,"_bbp_reply_count_hidden":0,"_bbp_forum_subforum_count":0,"footnotes":""},"categories":[1,4],"tags":[],"class_list":["post-7660","post","type-post","status-publish","format-standard","hentry","category-general","category-portada"],"post_mailing_queue_ids":[],"_links":{"self":[{"href":"https:\/\/agora.xtec.cat\/escolapablopicasso\/wp-json\/wp\/v2\/posts\/7660","targetHints":{"allow":["GET"]}}],"collection":[{"href":"https:\/\/agora.xtec.cat\/escolapablopicasso\/wp-json\/wp\/v2\/posts"}],"about":[{"href":"https:\/\/agora.xtec.cat\/escolapablopicasso\/wp-json\/wp\/v2\/types\/post"}],"author":[{"embeddable":true,"href":"https:\/\/agora.xtec.cat\/escolapablopicasso\/wp-json\/wp\/v2\/users\/1"}],"replies":[{"embeddable":true,"href":"https:\/\/agora.xtec.cat\/escolapablopicasso\/wp-json\/wp\/v2\/comments?post=7660"}],"version-history":[{"count":1,"href":"https:\/\/agora.xtec.cat\/escolapablopicasso\/wp-json\/wp\/v2\/posts\/7660\/revisions"}],"predecessor-version":[{"id":7661,"href":"https:\/\/agora.xtec.cat\/escolapablopicasso\/wp-json\/wp\/v2\/posts\/7660\/revisions\/7661"}],"wp:attachment":[{"href":"https:\/\/agora.xtec.cat\/escolapablopicasso\/wp-json\/wp\/v2\/media?parent=7660"}],"wp:term":[{"taxonomy":"category","embeddable":true,"href":"https:\/\/agora.xtec.cat\/escolapablopicasso\/wp-json\/wp\/v2\/categories?post=7660"},{"taxonomy":"post_tag","embeddable":true,"href":"https:\/\/agora.xtec.cat\/escolapablopicasso\/wp-json\/wp\/v2\/tags?post=7660"}],"curies":[{"name":"wp","href":"https:\/\/api.w.org\/{rel}","templated":true}]}}