{"id":7650,"date":"2023-12-11T09:00:24","date_gmt":"2023-12-11T08:00:24","guid":{"rendered":"https:\/\/agora.xtec.cat\/escolapablopicasso\/?p=7650"},"modified":"2023-11-29T12:07:38","modified_gmt":"2023-11-29T11:07:38","slug":"entrades-picasso-en-concert-2","status":"publish","type":"post","link":"https:\/\/agora.xtec.cat\/escolapablopicasso\/general\/entrades-picasso-en-concert-2\/","title":{"rendered":"ENTRADES PICASSO EN CONCERT"},"content":{"rendered":"<p>Avui dilluns 11 de desembre, us farem arribar el tr\u00edptic amb els diferents torns, les can\u00e7ons del concert i 2 entrades per infant (reviseu quin \u00e9s el torn del vostre fill\/a).<\/p>\n<p>IMPORTANT!!! Les entrades s\u2019han de conservar i mostrar per poder garantir l\u2019acc\u00e9s al teatre. No es pot accedir-hi sense entrada.<\/p>\n<p>Segons la normativa del T.M.C., els infants menors de tres anys no necessiten entrada sempre que no ocupin seient (asseguts a sobre d\u2019un adult).<\/p>\n<p>Us hi esperem!!!<\/p>\n<p><a href=\"https:\/\/agora.xtec.cat\/escolapablopicasso\/wp-content\/uploads\/usu295\/2023\/11\/triptic-2.png\"><img loading=\"lazy\" decoding=\"async\" class=\"aligncenter size-large wp-image-7652\" src=\"https:\/\/agora.xtec.cat\/escolapablopicasso\/wp-content\/uploads\/usu295\/2023\/11\/triptic-2-1024x724.png\" alt=\"\" width=\"1024\" height=\"724\" srcset=\"https:\/\/agora.xtec.cat\/escolapablopicasso\/wp-content\/uploads\/usu295\/2023\/11\/triptic-2-1024x724.png 1024w, https:\/\/agora.xtec.cat\/escolapablopicasso\/wp-content\/uploads\/usu295\/2023\/11\/triptic-2-300x212.png 300w, https:\/\/agora.xtec.cat\/escolapablopicasso\/wp-content\/uploads\/usu295\/2023\/11\/triptic-2-768x543.png 768w, https:\/\/agora.xtec.cat\/escolapablopicasso\/wp-content\/uploads\/usu295\/2023\/11\/triptic-2-1536x1086.png 1536w, https:\/\/agora.xtec.cat\/escolapablopicasso\/wp-content\/uploads\/usu295\/2023\/11\/triptic-2.png 2000w\" sizes=\"auto, (max-width: 1024px) 100vw, 1024px\" \/><\/a><\/p>\n<p>&nbsp;<\/p>\n<p><a href=\"https:\/\/agora.xtec.cat\/escolapablopicasso\/wp-content\/uploads\/usu295\/2023\/11\/triptic-1.png\"><img loading=\"lazy\" decoding=\"async\" class=\"aligncenter size-large wp-image-7651\" src=\"https:\/\/agora.xtec.cat\/escolapablopicasso\/wp-content\/uploads\/usu295\/2023\/11\/triptic-1-1024x724.png\" alt=\"\" width=\"1024\" height=\"724\" srcset=\"https:\/\/agora.xtec.cat\/escolapablopicasso\/wp-content\/uploads\/usu295\/2023\/11\/triptic-1-1024x724.png 1024w, https:\/\/agora.xtec.cat\/escolapablopicasso\/wp-content\/uploads\/usu295\/2023\/11\/triptic-1-300x212.png 300w, https:\/\/agora.xtec.cat\/escolapablopicasso\/wp-content\/uploads\/usu295\/2023\/11\/triptic-1-768x543.png 768w, https:\/\/agora.xtec.cat\/escolapablopicasso\/wp-content\/uploads\/usu295\/2023\/11\/triptic-1-1536x1086.png 1536w, https:\/\/agora.xtec.cat\/escolapablopicasso\/wp-content\/uploads\/usu295\/2023\/11\/triptic-1.png 2000w\" sizes=\"auto, (max-width: 1024px) 100vw, 1024px\" \/><\/a><\/p>\n","protected":false},"excerpt":{"rendered":"<p>Avui dilluns 11 de desembre, us farem arribar el tr\u00edptic amb els diferents torns, les can\u00e7ons del concert i 2 entrades per infant (reviseu quin \u00e9s el torn del vostre fill\/a).<br \/>\nIMPORTANT!!! Les entrades s\u2019han de conservar i mostrar per poder garantir l\u2019acc\u00e9s al teatre. No&hellip;  <a href=\"https:\/\/agora.xtec.cat\/escolapablopicasso\/general\/entrades-picasso-en-concert-2\/\" title=\"Read ENTRADES PICASSO EN CONCERT\">Llegeix m\u00e9s\u00bb<\/a><\/p>\n","protected":false},"author":1,"featured_media":0,"comment_status":"open","ping_status":"closed","sticky":false,"template":"","format":"standard","meta":{"_bbp_topic_count":0,"_bbp_reply_count":0,"_bbp_total_topic_count":0,"_bbp_total_reply_count":0,"_bbp_voice_count":0,"_bbp_anonymous_reply_count":0,"_bbp_topic_count_hidden":0,"_bbp_reply_count_hidden":0,"_bbp_forum_subforum_count":0,"footnotes":""},"categories":[23,1,4],"tags":[],"class_list":["post-7650","post","type-post","status-publish","format-standard","hentry","category-nadal","category-general","category-portada"],"post_mailing_queue_ids":[],"_links":{"self":[{"href":"https:\/\/agora.xtec.cat\/escolapablopicasso\/wp-json\/wp\/v2\/posts\/7650","targetHints":{"allow":["GET"]}}],"collection":[{"href":"https:\/\/agora.xtec.cat\/escolapablopicasso\/wp-json\/wp\/v2\/posts"}],"about":[{"href":"https:\/\/agora.xtec.cat\/escolapablopicasso\/wp-json\/wp\/v2\/types\/post"}],"author":[{"embeddable":true,"href":"https:\/\/agora.xtec.cat\/escolapablopicasso\/wp-json\/wp\/v2\/users\/1"}],"replies":[{"embeddable":true,"href":"https:\/\/agora.xtec.cat\/escolapablopicasso\/wp-json\/wp\/v2\/comments?post=7650"}],"version-history":[{"count":1,"href":"https:\/\/agora.xtec.cat\/escolapablopicasso\/wp-json\/wp\/v2\/posts\/7650\/revisions"}],"predecessor-version":[{"id":7653,"href":"https:\/\/agora.xtec.cat\/escolapablopicasso\/wp-json\/wp\/v2\/posts\/7650\/revisions\/7653"}],"wp:attachment":[{"href":"https:\/\/agora.xtec.cat\/escolapablopicasso\/wp-json\/wp\/v2\/media?parent=7650"}],"wp:term":[{"taxonomy":"category","embeddable":true,"href":"https:\/\/agora.xtec.cat\/escolapablopicasso\/wp-json\/wp\/v2\/categories?post=7650"},{"taxonomy":"post_tag","embeddable":true,"href":"https:\/\/agora.xtec.cat\/escolapablopicasso\/wp-json\/wp\/v2\/tags?post=7650"}],"curies":[{"name":"wp","href":"https:\/\/api.w.org\/{rel}","templated":true}]}}