{"id":7637,"date":"2023-11-23T14:03:40","date_gmt":"2023-11-23T13:03:40","guid":{"rendered":"https:\/\/agora.xtec.cat\/escolapablopicasso\/?p=7637"},"modified":"2023-11-23T14:20:02","modified_gmt":"2023-11-23T13:20:02","slug":"dia-internacional-per-a-leliminacio-de-la-violencia-masclista","status":"publish","type":"post","link":"https:\/\/agora.xtec.cat\/escolapablopicasso\/general\/dia-internacional-per-a-leliminacio-de-la-violencia-masclista\/","title":{"rendered":"DIA INTERNACIONAL PER A L&#8217;ELIMINACI\u00d3 DE LA VIOL\u00c8NCIA MASCLISTA"},"content":{"rendered":"<p>Des de la Comissi\u00f3 de Coeducaci\u00f3 volem fer visible el Dia Internacional per a l&#8217;eliminaci\u00f3 de la viol\u00e8ncia masclista d&#8217;aquest 25 de novembre.<\/p>\n<p>Us fem arribar l&#8217;enlla\u00e7 al v\u00eddeo del Departament d&#8217;Educaci\u00f3 que ha realitzat per a informar a la comunitat educativa de les reivindicacions d&#8217;aquesta jornada:<\/p>\n<p><iframe loading=\"lazy\" src=\"\/\/www.youtube.com\/embed\/OjSV9ofuuQI\" width=\"560\" height=\"314\" allowfullscreen=\"allowfullscreen\"><\/iframe><\/p>\n<p>Durant aquests dies, com hem estat fent els darrers cursos, es duran a terme activitats de sensibilitzaci\u00f3 en relaci\u00f3 a les reivindicacions d&#8217;aquesta jornada a les aules.<\/p>\n<p>Aprofitem, tamb\u00e9, per informar-vos que a partir d&#8217;aquest curs 23-24\u00a0el Departament ha creat una nova figura anomenada\u00a0<strong>&#8221;\u00a0<\/strong>COCOBE<strong>&#8221; (Coordinadora de Coeducaci\u00f3, Conviv\u00e8ncia i Benestar del sistema educatiu).\u00a0<\/strong>Aquesta figura l&#8217;assumeix una mestra de l&#8217;escola que tamb\u00e9 participa al Consell Escolar.<\/p>\n<p>L&#8217;objectiu \u00e9s promoure i ajudar a coordinar, conjuntament amb direcci\u00f3 i l&#8217;equip de mestres, accions per promoure la coeducaci\u00f3, la conviv\u00e8ncia i el benestar emocional al sistema educatiu.<\/p>\n<p>Treballant plegades per una escola segura i lliure de viol\u00e8ncies.<\/p>\n<p style=\"text-align: center;\">(cliqueu per accedir al cartell de la jornada)<\/p>\n<p><a href=\"https:\/\/agora.xtec.cat\/escolapablopicasso\/wp-content\/uploads\/usu295\/2023\/11\/25N.png\"><img loading=\"lazy\" decoding=\"async\" class=\"aligncenter wp-image-7638 size-medium\" src=\"https:\/\/agora.xtec.cat\/escolapablopicasso\/wp-content\/uploads\/usu295\/2023\/11\/25N-209x300.png\" alt=\"\" width=\"209\" height=\"300\" srcset=\"https:\/\/agora.xtec.cat\/escolapablopicasso\/wp-content\/uploads\/usu295\/2023\/11\/25N-209x300.png 209w, https:\/\/agora.xtec.cat\/escolapablopicasso\/wp-content\/uploads\/usu295\/2023\/11\/25N.png 547w\" sizes=\"auto, (max-width: 209px) 100vw, 209px\" \/><\/a><\/p>\n","protected":false},"excerpt":{"rendered":"<p>Des de la Comissi\u00f3 de Coeducaci\u00f3 volem fer visible el Dia Internacional per a l&#8217;eliminaci\u00f3 de la viol\u00e8ncia masclista d&#8217;aquest 25 de novembre.<br \/>\nUs fem arribar l&#8217;enlla\u00e7 al v\u00eddeo del Departament d&#8217;Educaci\u00f3 que ha realitzat per a informar a la comunitat educativa de les reivindicacions d&#8217;aquesta&hellip;  <a href=\"https:\/\/agora.xtec.cat\/escolapablopicasso\/general\/dia-internacional-per-a-leliminacio-de-la-violencia-masclista\/\" title=\"Read DIA INTERNACIONAL PER A L&#8217;ELIMINACI\u00d3 DE LA VIOL\u00c8NCIA MASCLISTA\">Llegeix m\u00e9s\u00bb<\/a><\/p>\n","protected":false},"author":1,"featured_media":7639,"comment_status":"open","ping_status":"closed","sticky":false,"template":"","format":"standard","meta":{"_bbp_topic_count":0,"_bbp_reply_count":0,"_bbp_total_topic_count":0,"_bbp_total_reply_count":0,"_bbp_voice_count":0,"_bbp_anonymous_reply_count":0,"_bbp_topic_count_hidden":0,"_bbp_reply_count_hidden":0,"_bbp_forum_subforum_count":0,"footnotes":""},"categories":[1,4],"tags":[],"class_list":["post-7637","post","type-post","status-publish","format-standard","has-post-thumbnail","hentry","category-general","category-portada"],"post_mailing_queue_ids":[],"_links":{"self":[{"href":"https:\/\/agora.xtec.cat\/escolapablopicasso\/wp-json\/wp\/v2\/posts\/7637","targetHints":{"allow":["GET"]}}],"collection":[{"href":"https:\/\/agora.xtec.cat\/escolapablopicasso\/wp-json\/wp\/v2\/posts"}],"about":[{"href":"https:\/\/agora.xtec.cat\/escolapablopicasso\/wp-json\/wp\/v2\/types\/post"}],"author":[{"embeddable":true,"href":"https:\/\/agora.xtec.cat\/escolapablopicasso\/wp-json\/wp\/v2\/users\/1"}],"replies":[{"embeddable":true,"href":"https:\/\/agora.xtec.cat\/escolapablopicasso\/wp-json\/wp\/v2\/comments?post=7637"}],"version-history":[{"count":2,"href":"https:\/\/agora.xtec.cat\/escolapablopicasso\/wp-json\/wp\/v2\/posts\/7637\/revisions"}],"predecessor-version":[{"id":7641,"href":"https:\/\/agora.xtec.cat\/escolapablopicasso\/wp-json\/wp\/v2\/posts\/7637\/revisions\/7641"}],"wp:featuredmedia":[{"embeddable":true,"href":"https:\/\/agora.xtec.cat\/escolapablopicasso\/wp-json\/wp\/v2\/media\/7639"}],"wp:attachment":[{"href":"https:\/\/agora.xtec.cat\/escolapablopicasso\/wp-json\/wp\/v2\/media?parent=7637"}],"wp:term":[{"taxonomy":"category","embeddable":true,"href":"https:\/\/agora.xtec.cat\/escolapablopicasso\/wp-json\/wp\/v2\/categories?post=7637"},{"taxonomy":"post_tag","embeddable":true,"href":"https:\/\/agora.xtec.cat\/escolapablopicasso\/wp-json\/wp\/v2\/tags?post=7637"}],"curies":[{"name":"wp","href":"https:\/\/api.w.org\/{rel}","templated":true}]}}