{"id":7627,"date":"2023-11-14T13:56:21","date_gmt":"2023-11-14T12:56:21","guid":{"rendered":"https:\/\/agora.xtec.cat\/escolapablopicasso\/?p=7627"},"modified":"2023-11-14T14:03:58","modified_gmt":"2023-11-14T13:03:58","slug":"torns-i-vestuari-picasso-en-concert","status":"publish","type":"post","link":"https:\/\/agora.xtec.cat\/escolapablopicasso\/general\/torns-i-vestuari-picasso-en-concert\/","title":{"rendered":"TORNS I VESTUARI &#8220;PICASSO EN CONCERT&#8221;"},"content":{"rendered":"<p>El <strong><u>divendres 15 de desembre<\/u><\/strong> celebrarem el concert com cada any al T.M.C. El concert ser\u00e0 en tres torns:<\/p>\n<p><strong>-1er torn (9:30h a 10:30h)\u00a0<\/strong><strong>I5, 3r, 4tB i 6\u00e8C.<\/strong><\/p>\n<p><strong>-2n torn (11:00h a 12:00h) <\/strong><strong>I3, 1r, 2n, 5\u00e8A i 6\u00e8A.<\/strong><\/p>\n<p><strong style=\"font-family: inherit; font-size: 1em;\">-3r torn (15:00h a 16:00h)\u00a0<\/strong><strong style=\"font-family: inherit; font-size: 1em;\">I4, 4tA, 5\u00e8B i 6\u00e8B.\u00a0 \u00a0 \u00a0 \u00a0 \u00a0 \u00a0\u00a0<\/strong><\/p>\n<p>Des de l\u2019\u00e0rea de m\u00fasica, l\u2019alumnat i l\u2019equip docent de m\u00fasica i angl\u00e8s han acordat per cursos com aniran vestits aquest dia, en relaci\u00f3 amb la can\u00e7\u00f3 que cantaran.<\/p>\n<p>Aqu\u00ed teniu les consignes de vestuari:<\/p>\n<p><a href=\"https:\/\/agora.xtec.cat\/escolapablopicasso\/wp-content\/uploads\/usu295\/2023\/11\/vestuari.png\"><img loading=\"lazy\" decoding=\"async\" class=\"aligncenter size-full wp-image-7632\" src=\"https:\/\/agora.xtec.cat\/escolapablopicasso\/wp-content\/uploads\/usu295\/2023\/11\/vestuari.png\" alt=\"\" width=\"543\" height=\"375\" srcset=\"https:\/\/agora.xtec.cat\/escolapablopicasso\/wp-content\/uploads\/usu295\/2023\/11\/vestuari.png 543w, https:\/\/agora.xtec.cat\/escolapablopicasso\/wp-content\/uploads\/usu295\/2023\/11\/vestuari-300x207.png 300w\" sizes=\"auto, (max-width: 543px) 100vw, 543px\" \/><\/a><\/p>\n<p style=\"text-align: center;\">(cliqueu la imatge per accedir a la informaci\u00f3)<\/p>\n<p>Us hi esperem! No hi podeu faltar!<\/p>\n","protected":false},"excerpt":{"rendered":"<p>El divendres 15 de desembre celebrarem el concert com cada any al T.M.C. El concert ser\u00e0 en tres torns:<br \/>\n-1er torn (9:30h a 10:30h)\u00a0I5, 3r, 4tB i 6\u00e8C.<br \/>\n-2n torn (11:00h a 12:00h) I3, 1r, 2n, 5\u00e8A i 6\u00e8A.<br \/>\n-3r torn (15:00h a 16:00h)\u00a0I4, 4tA, 5\u00e8B i 6\u00e8B.\u00a0&hellip;  <a href=\"https:\/\/agora.xtec.cat\/escolapablopicasso\/general\/torns-i-vestuari-picasso-en-concert\/\" title=\"Read TORNS I VESTUARI &#8220;PICASSO EN CONCERT&#8221;\">Llegeix m\u00e9s\u00bb<\/a><\/p>\n","protected":false},"author":1,"featured_media":0,"comment_status":"open","ping_status":"closed","sticky":false,"template":"","format":"standard","meta":{"_bbp_topic_count":0,"_bbp_reply_count":0,"_bbp_total_topic_count":0,"_bbp_total_reply_count":0,"_bbp_voice_count":0,"_bbp_anonymous_reply_count":0,"_bbp_topic_count_hidden":0,"_bbp_reply_count_hidden":0,"_bbp_forum_subforum_count":0,"footnotes":""},"categories":[23,1,24,4],"tags":[],"class_list":["post-7627","post","type-post","status-publish","format-standard","hentry","category-nadal","category-general","category-musica","category-portada"],"post_mailing_queue_ids":[],"_links":{"self":[{"href":"https:\/\/agora.xtec.cat\/escolapablopicasso\/wp-json\/wp\/v2\/posts\/7627","targetHints":{"allow":["GET"]}}],"collection":[{"href":"https:\/\/agora.xtec.cat\/escolapablopicasso\/wp-json\/wp\/v2\/posts"}],"about":[{"href":"https:\/\/agora.xtec.cat\/escolapablopicasso\/wp-json\/wp\/v2\/types\/post"}],"author":[{"embeddable":true,"href":"https:\/\/agora.xtec.cat\/escolapablopicasso\/wp-json\/wp\/v2\/users\/1"}],"replies":[{"embeddable":true,"href":"https:\/\/agora.xtec.cat\/escolapablopicasso\/wp-json\/wp\/v2\/comments?post=7627"}],"version-history":[{"count":6,"href":"https:\/\/agora.xtec.cat\/escolapablopicasso\/wp-json\/wp\/v2\/posts\/7627\/revisions"}],"predecessor-version":[{"id":7634,"href":"https:\/\/agora.xtec.cat\/escolapablopicasso\/wp-json\/wp\/v2\/posts\/7627\/revisions\/7634"}],"wp:attachment":[{"href":"https:\/\/agora.xtec.cat\/escolapablopicasso\/wp-json\/wp\/v2\/media?parent=7627"}],"wp:term":[{"taxonomy":"category","embeddable":true,"href":"https:\/\/agora.xtec.cat\/escolapablopicasso\/wp-json\/wp\/v2\/categories?post=7627"},{"taxonomy":"post_tag","embeddable":true,"href":"https:\/\/agora.xtec.cat\/escolapablopicasso\/wp-json\/wp\/v2\/tags?post=7627"}],"curies":[{"name":"wp","href":"https:\/\/api.w.org\/{rel}","templated":true}]}}