{"id":7624,"date":"2023-11-01T15:30:45","date_gmt":"2023-11-01T14:30:45","guid":{"rendered":"https:\/\/agora.xtec.cat\/escolapablopicasso\/?p=7624"},"modified":"2023-11-10T15:39:05","modified_gmt":"2023-11-10T14:39:05","slug":"artista-del-mes-2","status":"publish","type":"post","link":"https:\/\/agora.xtec.cat\/escolapablopicasso\/general\/artista-del-mes-2\/","title":{"rendered":"ARTISTA DEL MES"},"content":{"rendered":"<p>Joaquim Sorolla i Bastida i les seves obres ens acompanyaran aquest mes de novembre.<\/p>\n<p><img loading=\"lazy\" decoding=\"async\" class=\"aligncenter\" src=\"https:\/\/www.biografiasyvidas.com\/biografia\/s\/fotos\/sorolla_autorretrato.jpg\" alt=\"Biografia de Joaqu\u00edn Sorolla\" width=\"340\" height=\"307\" \/><\/p>\n<p style=\"text-align: center;\">27 de febrer de 1863 Val\u00e8ncia- 10 d&#8217;agost de 1923 Cercedilla<\/p>\n<p>Fou un pintor i artista gr\u00e0fic valenci\u00e0. Els seus treballs mostren retrats, paisatges i monuments de tem\u00e0tica social i hist\u00f2rica, caracteritzats per la representaci\u00f3 de les persones i els paisatges sota la llum del sol.<\/p>\n<p><img decoding=\"async\" class=\"aligncenter\" src=\"https:\/\/encrypted-tbn0.gstatic.com\/images?q=tbn:ANd9GcS_u-HfRVdAIuMrNPqv6OpZ3pqsM0N41k0zqV0JQa4zS4ICJbov3W6ZFU3l19Gfgx_zAjM&amp;usqp=CAU\" alt=\"Los cuadros de Sorolla: \u00e9l los pint\u00f3 y sus cartas los explican \u2013 ARTE Y PERIODISMO\" \/><\/p>\n<p style=\"text-align: center;\">&#8220;Passeig a la vora del mar&#8221;<\/p>\n<p style=\"text-align: center;\">1909, Oli sobre llen\u00e7<\/p>\n<p><img loading=\"lazy\" decoding=\"async\" class=\"aligncenter\" src=\"https:\/\/www.descubrirelarte.es\/wp-content\/uploads\/2019\/05\/Sorolla-X10096-A5.jpg\" alt=\"Joaqu\u00edn Sorolla: de Londres a Londres \u2013 Descubrir el Arte, la revista l\u00edder de arte en espa\u00f1ol\" width=\"256\" height=\"182\" \/><\/p>\n<p style=\"text-align: center;\">&#8220;Jove pescador&#8221;<\/p>\n<p style=\"text-align: center;\">1904, Oli sobre llen\u00e7<\/p>\n","protected":false},"excerpt":{"rendered":"<p>Joaquim Sorolla i Bastida i les seves obres ens acompanyaran aquest mes de novembre.<\/p>\n<p>27 de febrer de 1863 Val\u00e8ncia- 10 d&#8217;agost de 1923 Cercedilla<br \/>\nFou un pintor i artista gr\u00e0fic valenci\u00e0. Els seus treballs mostren retrats, paisatges i monuments de tem\u00e0tica social i hist\u00f2rica, caracteritzats per&hellip;  <a href=\"https:\/\/agora.xtec.cat\/escolapablopicasso\/general\/artista-del-mes-2\/\" title=\"Read ARTISTA DEL MES\">Llegeix m\u00e9s\u00bb<\/a><\/p>\n","protected":false},"author":1,"featured_media":0,"comment_status":"open","ping_status":"closed","sticky":false,"template":"","format":"standard","meta":{"_bbp_topic_count":0,"_bbp_reply_count":0,"_bbp_total_topic_count":0,"_bbp_total_reply_count":0,"_bbp_voice_count":0,"_bbp_anonymous_reply_count":0,"_bbp_topic_count_hidden":0,"_bbp_reply_count_hidden":0,"_bbp_forum_subforum_count":0,"footnotes":""},"categories":[1,4],"tags":[],"class_list":["post-7624","post","type-post","status-publish","format-standard","hentry","category-general","category-portada"],"post_mailing_queue_ids":[],"_links":{"self":[{"href":"https:\/\/agora.xtec.cat\/escolapablopicasso\/wp-json\/wp\/v2\/posts\/7624","targetHints":{"allow":["GET"]}}],"collection":[{"href":"https:\/\/agora.xtec.cat\/escolapablopicasso\/wp-json\/wp\/v2\/posts"}],"about":[{"href":"https:\/\/agora.xtec.cat\/escolapablopicasso\/wp-json\/wp\/v2\/types\/post"}],"author":[{"embeddable":true,"href":"https:\/\/agora.xtec.cat\/escolapablopicasso\/wp-json\/wp\/v2\/users\/1"}],"replies":[{"embeddable":true,"href":"https:\/\/agora.xtec.cat\/escolapablopicasso\/wp-json\/wp\/v2\/comments?post=7624"}],"version-history":[{"count":2,"href":"https:\/\/agora.xtec.cat\/escolapablopicasso\/wp-json\/wp\/v2\/posts\/7624\/revisions"}],"predecessor-version":[{"id":7626,"href":"https:\/\/agora.xtec.cat\/escolapablopicasso\/wp-json\/wp\/v2\/posts\/7624\/revisions\/7626"}],"wp:attachment":[{"href":"https:\/\/agora.xtec.cat\/escolapablopicasso\/wp-json\/wp\/v2\/media?parent=7624"}],"wp:term":[{"taxonomy":"category","embeddable":true,"href":"https:\/\/agora.xtec.cat\/escolapablopicasso\/wp-json\/wp\/v2\/categories?post=7624"},{"taxonomy":"post_tag","embeddable":true,"href":"https:\/\/agora.xtec.cat\/escolapablopicasso\/wp-json\/wp\/v2\/tags?post=7624"}],"curies":[{"name":"wp","href":"https:\/\/api.w.org\/{rel}","templated":true}]}}