{"id":7621,"date":"2023-11-06T19:08:18","date_gmt":"2023-11-06T18:08:18","guid":{"rendered":"https:\/\/agora.xtec.cat\/escolapablopicasso\/?p=7621"},"modified":"2023-11-06T19:08:18","modified_gmt":"2023-11-06T18:08:18","slug":"picasso-en-concert-2023","status":"publish","type":"post","link":"https:\/\/agora.xtec.cat\/escolapablopicasso\/general\/picasso-en-concert-2023\/","title":{"rendered":"PICASSO EN CONCERT 2023"},"content":{"rendered":"<p>Ja s&#8217;acosta el final de trimestre i amb ell el nostre concert.<\/p>\n<p>Aquest any la data ser\u00e0 el\u00a0<strong>DIVENDRES 15 DE DESEMBRE al TMC.<\/strong><\/p>\n<p>Aviat<strong>\u00a0<\/strong>rebreu informaci\u00f3 respecte els diferents torns, la roba que han de portar posada els infants i qualsevol altra consideraci\u00f3 que calgui tenir en compte per una bona organitzaci\u00f3 i poder gaudir, com cada any, d&#8217;un dia fant\u00e0stic amb els i les nostres cantaires.<\/p>\n<p><a href=\"https:\/\/agora.xtec.cat\/escolapablopicasso\/wp-content\/uploads\/usu295\/2023\/11\/PICASSO-EN-CONCERT.png\"><img loading=\"lazy\" decoding=\"async\" class=\"aligncenter size-full wp-image-7622\" src=\"https:\/\/agora.xtec.cat\/escolapablopicasso\/wp-content\/uploads\/usu295\/2023\/11\/PICASSO-EN-CONCERT.png\" alt=\"\" width=\"1414\" height=\"2000\" srcset=\"https:\/\/agora.xtec.cat\/escolapablopicasso\/wp-content\/uploads\/usu295\/2023\/11\/PICASSO-EN-CONCERT.png 1414w, https:\/\/agora.xtec.cat\/escolapablopicasso\/wp-content\/uploads\/usu295\/2023\/11\/PICASSO-EN-CONCERT-212x300.png 212w, https:\/\/agora.xtec.cat\/escolapablopicasso\/wp-content\/uploads\/usu295\/2023\/11\/PICASSO-EN-CONCERT-724x1024.png 724w, https:\/\/agora.xtec.cat\/escolapablopicasso\/wp-content\/uploads\/usu295\/2023\/11\/PICASSO-EN-CONCERT-768x1086.png 768w, https:\/\/agora.xtec.cat\/escolapablopicasso\/wp-content\/uploads\/usu295\/2023\/11\/PICASSO-EN-CONCERT-1086x1536.png 1086w\" sizes=\"auto, (max-width: 1414px) 100vw, 1414px\" \/><\/a><\/p>\n","protected":false},"excerpt":{"rendered":"<p>Ja s&#8217;acosta el final de trimestre i amb ell el nostre concert.<br \/>\nAquest any la data ser\u00e0 el\u00a0DIVENDRES 15 DE DESEMBRE al TMC.<br \/>\nAviat\u00a0rebreu informaci\u00f3 respecte els diferents torns, la roba que han de portar posada els infants i qualsevol altra consideraci\u00f3 que calgui tenir en compte&hellip;  <a href=\"https:\/\/agora.xtec.cat\/escolapablopicasso\/general\/picasso-en-concert-2023\/\" title=\"Read PICASSO EN CONCERT 2023\">Llegeix m\u00e9s\u00bb<\/a><\/p>\n","protected":false},"author":1,"featured_media":0,"comment_status":"open","ping_status":"closed","sticky":false,"template":"","format":"standard","meta":{"_bbp_topic_count":0,"_bbp_reply_count":0,"_bbp_total_topic_count":0,"_bbp_total_reply_count":0,"_bbp_voice_count":0,"_bbp_anonymous_reply_count":0,"_bbp_topic_count_hidden":0,"_bbp_reply_count_hidden":0,"_bbp_forum_subforum_count":0,"footnotes":""},"categories":[23,1,4],"tags":[],"class_list":["post-7621","post","type-post","status-publish","format-standard","hentry","category-nadal","category-general","category-portada"],"post_mailing_queue_ids":[],"_links":{"self":[{"href":"https:\/\/agora.xtec.cat\/escolapablopicasso\/wp-json\/wp\/v2\/posts\/7621","targetHints":{"allow":["GET"]}}],"collection":[{"href":"https:\/\/agora.xtec.cat\/escolapablopicasso\/wp-json\/wp\/v2\/posts"}],"about":[{"href":"https:\/\/agora.xtec.cat\/escolapablopicasso\/wp-json\/wp\/v2\/types\/post"}],"author":[{"embeddable":true,"href":"https:\/\/agora.xtec.cat\/escolapablopicasso\/wp-json\/wp\/v2\/users\/1"}],"replies":[{"embeddable":true,"href":"https:\/\/agora.xtec.cat\/escolapablopicasso\/wp-json\/wp\/v2\/comments?post=7621"}],"version-history":[{"count":1,"href":"https:\/\/agora.xtec.cat\/escolapablopicasso\/wp-json\/wp\/v2\/posts\/7621\/revisions"}],"predecessor-version":[{"id":7623,"href":"https:\/\/agora.xtec.cat\/escolapablopicasso\/wp-json\/wp\/v2\/posts\/7621\/revisions\/7623"}],"wp:attachment":[{"href":"https:\/\/agora.xtec.cat\/escolapablopicasso\/wp-json\/wp\/v2\/media?parent=7621"}],"wp:term":[{"taxonomy":"category","embeddable":true,"href":"https:\/\/agora.xtec.cat\/escolapablopicasso\/wp-json\/wp\/v2\/categories?post=7621"},{"taxonomy":"post_tag","embeddable":true,"href":"https:\/\/agora.xtec.cat\/escolapablopicasso\/wp-json\/wp\/v2\/tags?post=7621"}],"curies":[{"name":"wp","href":"https:\/\/api.w.org\/{rel}","templated":true}]}}