{"id":7618,"date":"2023-11-03T17:05:22","date_gmt":"2023-11-03T16:05:22","guid":{"rendered":"https:\/\/agora.xtec.cat\/escolapablopicasso\/?p=7618"},"modified":"2023-11-05T17:10:00","modified_gmt":"2023-11-05T16:10:00","slug":"eleccions-al-consell-escolar-2023","status":"publish","type":"post","link":"https:\/\/agora.xtec.cat\/escolapablopicasso\/general\/eleccions-al-consell-escolar-2023\/","title":{"rendered":"ELECCIONS AL CONSELL ESCOLAR 2023"},"content":{"rendered":"<p>Aquest any tornen a haver eleccions de renovaci\u00f3 d&#8217;alguns membres del Consell Escolar.<\/p>\n<p>Pel b\u00e9 de la comunitat, \u00e9s important la participaci\u00f3 de totes vosaltres en aquest proc\u00e9s, ja sigui presentant la vostra candidatura o participant en les votacions.<\/p>\n<p>La vostra opini\u00f3 \u00e9s important i necess\u00e0ria per anar millorant el pas educatiu dels vostres fills\/es per l&#8217;escola.<\/p>\n<p>(cliqueu la imatge per accedir a tota la informaci\u00f3)<\/p>\n<p><a href=\"https:\/\/drive.google.com\/file\/d\/1ULkaUv_Mo38By3vKT5e1Y3nOrSavFuHQ\/view?usp=sharing\"><img loading=\"lazy\" decoding=\"async\" class=\"aligncenter size-full wp-image-7619\" src=\"https:\/\/agora.xtec.cat\/escolapablopicasso\/wp-content\/uploads\/usu295\/2023\/11\/7185645.png\" alt=\"\" width=\"512\" height=\"512\" srcset=\"https:\/\/agora.xtec.cat\/escolapablopicasso\/wp-content\/uploads\/usu295\/2023\/11\/7185645.png 512w, https:\/\/agora.xtec.cat\/escolapablopicasso\/wp-content\/uploads\/usu295\/2023\/11\/7185645-300x300.png 300w, https:\/\/agora.xtec.cat\/escolapablopicasso\/wp-content\/uploads\/usu295\/2023\/11\/7185645-150x150.png 150w\" sizes=\"auto, (max-width: 512px) 100vw, 512px\" \/><\/a><\/p>\n<p>&nbsp;<\/p>\n","protected":false},"excerpt":{"rendered":"<p>Aquest any tornen a haver eleccions de renovaci\u00f3 d&#8217;alguns membres del Consell Escolar.<br \/>\nPel b\u00e9 de la comunitat, \u00e9s important la participaci\u00f3 de totes vosaltres en aquest proc\u00e9s, ja sigui presentant la vostra candidatura o participant en les votacions.<br \/>\nLa vostra opini\u00f3 \u00e9s important i necess\u00e0ria per&hellip;  <a href=\"https:\/\/agora.xtec.cat\/escolapablopicasso\/general\/eleccions-al-consell-escolar-2023\/\" title=\"Read ELECCIONS AL CONSELL ESCOLAR 2023\">Llegeix m\u00e9s\u00bb<\/a><\/p>\n","protected":false},"author":1,"featured_media":0,"comment_status":"open","ping_status":"closed","sticky":false,"template":"","format":"standard","meta":{"_bbp_topic_count":0,"_bbp_reply_count":0,"_bbp_total_topic_count":0,"_bbp_total_reply_count":0,"_bbp_voice_count":0,"_bbp_anonymous_reply_count":0,"_bbp_topic_count_hidden":0,"_bbp_reply_count_hidden":0,"_bbp_forum_subforum_count":0,"footnotes":""},"categories":[1,4],"tags":[],"class_list":["post-7618","post","type-post","status-publish","format-standard","hentry","category-general","category-portada"],"post_mailing_queue_ids":[],"_links":{"self":[{"href":"https:\/\/agora.xtec.cat\/escolapablopicasso\/wp-json\/wp\/v2\/posts\/7618","targetHints":{"allow":["GET"]}}],"collection":[{"href":"https:\/\/agora.xtec.cat\/escolapablopicasso\/wp-json\/wp\/v2\/posts"}],"about":[{"href":"https:\/\/agora.xtec.cat\/escolapablopicasso\/wp-json\/wp\/v2\/types\/post"}],"author":[{"embeddable":true,"href":"https:\/\/agora.xtec.cat\/escolapablopicasso\/wp-json\/wp\/v2\/users\/1"}],"replies":[{"embeddable":true,"href":"https:\/\/agora.xtec.cat\/escolapablopicasso\/wp-json\/wp\/v2\/comments?post=7618"}],"version-history":[{"count":1,"href":"https:\/\/agora.xtec.cat\/escolapablopicasso\/wp-json\/wp\/v2\/posts\/7618\/revisions"}],"predecessor-version":[{"id":7620,"href":"https:\/\/agora.xtec.cat\/escolapablopicasso\/wp-json\/wp\/v2\/posts\/7618\/revisions\/7620"}],"wp:attachment":[{"href":"https:\/\/agora.xtec.cat\/escolapablopicasso\/wp-json\/wp\/v2\/media?parent=7618"}],"wp:term":[{"taxonomy":"category","embeddable":true,"href":"https:\/\/agora.xtec.cat\/escolapablopicasso\/wp-json\/wp\/v2\/categories?post=7618"},{"taxonomy":"post_tag","embeddable":true,"href":"https:\/\/agora.xtec.cat\/escolapablopicasso\/wp-json\/wp\/v2\/tags?post=7618"}],"curies":[{"name":"wp","href":"https:\/\/api.w.org\/{rel}","templated":true}]}}