{"id":7586,"date":"2023-10-30T14:54:18","date_gmt":"2023-10-30T13:54:18","guid":{"rendered":"https:\/\/agora.xtec.cat\/escolapablopicasso\/?p=7586"},"modified":"2023-11-01T21:15:53","modified_gmt":"2023-11-01T20:15:53","slug":"exposicio-de-tardor-5","status":"publish","type":"post","link":"https:\/\/agora.xtec.cat\/escolapablopicasso\/general\/exposicio-de-tardor-5\/","title":{"rendered":"EXPOSICI\u00d3 DE TARDOR"},"content":{"rendered":"<p>Com cada any, la nostra escola es vesteix amb colors de tardor.\u00a0Fulles, carbasses, pomes, nous i castanyes omplen els nostres passadissos.<\/p>\n<p>Molt\u00edssimes gr\u00e0cies per la vostra participaci\u00f3 i col\u00b7laboraci\u00f3.\u00a0Si us la vau perdre o, simplement la voleu tornar a veure, aqu\u00ed teniu un v\u00eddeo resum:<\/p>\n<p><a href=\"https:\/\/drive.google.com\/file\/d\/1KmLqCqUs7A49R-LHhNdUuV4m7RwlSdQ4\/view?usp=drive_link\"><img loading=\"lazy\" decoding=\"async\" class=\"aligncenter wp-image-7605\" src=\"https:\/\/agora.xtec.cat\/escolapablopicasso\/wp-content\/uploads\/usu295\/2023\/10\/Expo-Tardor.png\" alt=\"\" width=\"641\" height=\"473\" srcset=\"https:\/\/agora.xtec.cat\/escolapablopicasso\/wp-content\/uploads\/usu295\/2023\/10\/Expo-Tardor.png 953w, https:\/\/agora.xtec.cat\/escolapablopicasso\/wp-content\/uploads\/usu295\/2023\/10\/Expo-Tardor-300x221.png 300w, https:\/\/agora.xtec.cat\/escolapablopicasso\/wp-content\/uploads\/usu295\/2023\/10\/Expo-Tardor-768x567.png 768w\" sizes=\"auto, (max-width: 641px) 100vw, 641px\" \/><\/a><\/p>\n<p style=\"text-align: center;\">(cliqueu la imatge si voleu accedir al v\u00eddeo de l&#8217;Exposici\u00f3 de Tardor)<\/p>\n<p><a href=\"https:\/\/drive.google.com\/file\/d\/1y49Qkl1Sx9_k0D6JK0iFEUZJADXXJa_y\/view?usp=drive_link\"><img loading=\"lazy\" decoding=\"async\" class=\"aligncenter wp-image-7603\" src=\"https:\/\/agora.xtec.cat\/escolapablopicasso\/wp-content\/uploads\/usu295\/2023\/10\/Expo-Halloween.png\" alt=\"\" width=\"624\" height=\"344\" srcset=\"https:\/\/agora.xtec.cat\/escolapablopicasso\/wp-content\/uploads\/usu295\/2023\/10\/Expo-Halloween.png 1097w, https:\/\/agora.xtec.cat\/escolapablopicasso\/wp-content\/uploads\/usu295\/2023\/10\/Expo-Halloween-300x165.png 300w, https:\/\/agora.xtec.cat\/escolapablopicasso\/wp-content\/uploads\/usu295\/2023\/10\/Expo-Halloween-1024x565.png 1024w, https:\/\/agora.xtec.cat\/escolapablopicasso\/wp-content\/uploads\/usu295\/2023\/10\/Expo-Halloween-768x424.png 768w\" sizes=\"auto, (max-width: 624px) 100vw, 624px\" \/><\/a><\/p>\n<p style=\"text-align: center;\">(cliqueu la imatge si voleu accedir al v\u00eddeo de l&#8217;Exposici\u00f3 de Halloween)<\/p>\n<p>Tamb\u00e9 podeu tornar a reviure el Room Tour de Halloween <a href=\"https:\/\/agora.xtec.cat\/escolapablopicasso\/general\/halloween-2023\/\">aqu\u00ed<\/a>.<\/p>\n","protected":false},"excerpt":{"rendered":"<p>Com cada any, la nostra escola es vesteix amb colors de tardor.\u00a0Fulles, carbasses, pomes, nous i castanyes omplen els nostres passadissos.<br \/>\nMolt\u00edssimes gr\u00e0cies per la vostra participaci\u00f3 i col\u00b7laboraci\u00f3.\u00a0Si us la vau perdre o, simplement la voleu tornar a veure, aqu\u00ed teniu un v\u00eddeo resum:<br \/>\n<a href=\"https:\/\/drive.google.com\/file\/d\/1KmLqCqUs7A49R-LHhNdUuV4m7RwlSdQ4\/view?usp=drive_link\"><\/a><br \/>\n(cliqueu&hellip;  <a href=\"https:\/\/agora.xtec.cat\/escolapablopicasso\/general\/exposicio-de-tardor-5\/\" title=\"Read EXPOSICI\u00d3 DE TARDOR\">Llegeix m\u00e9s\u00bb<\/a><\/p>\n","protected":false},"author":1,"featured_media":0,"comment_status":"open","ping_status":"closed","sticky":false,"template":"","format":"standard","meta":{"_bbp_topic_count":0,"_bbp_reply_count":0,"_bbp_total_topic_count":0,"_bbp_total_reply_count":0,"_bbp_voice_count":0,"_bbp_anonymous_reply_count":0,"_bbp_topic_count_hidden":0,"_bbp_reply_count_hidden":0,"_bbp_forum_subforum_count":0,"footnotes":""},"categories":[22,23,1,2,4,5],"tags":[],"class_list":["post-7586","post","type-post","status-publish","format-standard","hentry","category-angles","category-nadal","category-general","category-infantil","category-portada","category-primaria"],"post_mailing_queue_ids":[],"_links":{"self":[{"href":"https:\/\/agora.xtec.cat\/escolapablopicasso\/wp-json\/wp\/v2\/posts\/7586","targetHints":{"allow":["GET"]}}],"collection":[{"href":"https:\/\/agora.xtec.cat\/escolapablopicasso\/wp-json\/wp\/v2\/posts"}],"about":[{"href":"https:\/\/agora.xtec.cat\/escolapablopicasso\/wp-json\/wp\/v2\/types\/post"}],"author":[{"embeddable":true,"href":"https:\/\/agora.xtec.cat\/escolapablopicasso\/wp-json\/wp\/v2\/users\/1"}],"replies":[{"embeddable":true,"href":"https:\/\/agora.xtec.cat\/escolapablopicasso\/wp-json\/wp\/v2\/comments?post=7586"}],"version-history":[{"count":6,"href":"https:\/\/agora.xtec.cat\/escolapablopicasso\/wp-json\/wp\/v2\/posts\/7586\/revisions"}],"predecessor-version":[{"id":7611,"href":"https:\/\/agora.xtec.cat\/escolapablopicasso\/wp-json\/wp\/v2\/posts\/7586\/revisions\/7611"}],"wp:attachment":[{"href":"https:\/\/agora.xtec.cat\/escolapablopicasso\/wp-json\/wp\/v2\/media?parent=7586"}],"wp:term":[{"taxonomy":"category","embeddable":true,"href":"https:\/\/agora.xtec.cat\/escolapablopicasso\/wp-json\/wp\/v2\/categories?post=7586"},{"taxonomy":"post_tag","embeddable":true,"href":"https:\/\/agora.xtec.cat\/escolapablopicasso\/wp-json\/wp\/v2\/tags?post=7586"}],"curies":[{"name":"wp","href":"https:\/\/api.w.org\/{rel}","templated":true}]}}