{"id":7573,"date":"2023-10-26T14:20:57","date_gmt":"2023-10-26T12:20:57","guid":{"rendered":"https:\/\/agora.xtec.cat\/escolapablopicasso\/?p=7573"},"modified":"2023-10-31T13:36:39","modified_gmt":"2023-10-31T12:36:39","slug":"xerrada-abus-o-us-de-les-pantalles","status":"publish","type":"post","link":"https:\/\/agora.xtec.cat\/escolapablopicasso\/general\/xerrada-abus-o-us-de-les-pantalles\/","title":{"rendered":"XERRADA &#8220;AB\u00daS O \u00daS DE LES PANTALLES?&#8221;"},"content":{"rendered":"<p>L&#8217;ajuntament de Barber\u00e0 del Vall\u00e8s i &#8220;Vincles&#8221; (Espai de suport per a fam\u00edlies d&#8217;adolescents i joves) ens proposen aquesta xerrada:<\/p>\n<p style=\"text-align: center;\">&#8220;Ab\u00fas o \u00fas de les pantalles?&#8221;<\/p>\n<p>Tindr\u00e0 lloc el proper 8 de novembre de 18&#8217;30h a 20h a la Sala Allende de la Biblioteca Esteve Paluzie.<\/p>\n<p>M\u00e9s informaci\u00f3 i inscripcions a mediobert@bdv.cat<\/p>\n<p><a href=\"https:\/\/agora.xtec.cat\/escolapablopicasso\/wp-content\/uploads\/usu295\/2023\/10\/IMG_20231025_225057.jpg\"><img loading=\"lazy\" decoding=\"async\" class=\"aligncenter size-full wp-image-7574\" src=\"https:\/\/agora.xtec.cat\/escolapablopicasso\/wp-content\/uploads\/usu295\/2023\/10\/IMG_20231025_225057.jpg\" alt=\"\" width=\"800\" height=\"1109\" srcset=\"https:\/\/agora.xtec.cat\/escolapablopicasso\/wp-content\/uploads\/usu295\/2023\/10\/IMG_20231025_225057.jpg 800w, https:\/\/agora.xtec.cat\/escolapablopicasso\/wp-content\/uploads\/usu295\/2023\/10\/IMG_20231025_225057-216x300.jpg 216w, https:\/\/agora.xtec.cat\/escolapablopicasso\/wp-content\/uploads\/usu295\/2023\/10\/IMG_20231025_225057-739x1024.jpg 739w, https:\/\/agora.xtec.cat\/escolapablopicasso\/wp-content\/uploads\/usu295\/2023\/10\/IMG_20231025_225057-768x1065.jpg 768w\" sizes=\"auto, (max-width: 800px) 100vw, 800px\" \/><\/a><\/p>\n","protected":false},"excerpt":{"rendered":"<p>L&#8217;ajuntament de Barber\u00e0 del Vall\u00e8s i &#8220;Vincles&#8221; (Espai de suport per a fam\u00edlies d&#8217;adolescents i joves) ens proposen aquesta xerrada:<br \/>\n&#8220;Ab\u00fas o \u00fas de les pantalles?&#8221;<br \/>\nTindr\u00e0 lloc el proper 8 de novembre de 18&#8217;30h a 20h a la Sala Allende de la Biblioteca Esteve Paluzie.<br \/>\nM\u00e9s informaci\u00f3&hellip;  <a href=\"https:\/\/agora.xtec.cat\/escolapablopicasso\/general\/xerrada-abus-o-us-de-les-pantalles\/\" title=\"Read XERRADA &#8220;AB\u00daS O \u00daS DE LES PANTALLES?&#8221;\">Llegeix m\u00e9s\u00bb<\/a><\/p>\n","protected":false},"author":1,"featured_media":0,"comment_status":"open","ping_status":"closed","sticky":false,"template":"","format":"standard","meta":{"_bbp_topic_count":0,"_bbp_reply_count":0,"_bbp_total_topic_count":0,"_bbp_total_reply_count":0,"_bbp_voice_count":0,"_bbp_anonymous_reply_count":0,"_bbp_topic_count_hidden":0,"_bbp_reply_count_hidden":0,"_bbp_forum_subforum_count":0,"footnotes":""},"categories":[1,4],"tags":[],"class_list":["post-7573","post","type-post","status-publish","format-standard","hentry","category-general","category-portada"],"post_mailing_queue_ids":[],"_links":{"self":[{"href":"https:\/\/agora.xtec.cat\/escolapablopicasso\/wp-json\/wp\/v2\/posts\/7573","targetHints":{"allow":["GET"]}}],"collection":[{"href":"https:\/\/agora.xtec.cat\/escolapablopicasso\/wp-json\/wp\/v2\/posts"}],"about":[{"href":"https:\/\/agora.xtec.cat\/escolapablopicasso\/wp-json\/wp\/v2\/types\/post"}],"author":[{"embeddable":true,"href":"https:\/\/agora.xtec.cat\/escolapablopicasso\/wp-json\/wp\/v2\/users\/1"}],"replies":[{"embeddable":true,"href":"https:\/\/agora.xtec.cat\/escolapablopicasso\/wp-json\/wp\/v2\/comments?post=7573"}],"version-history":[{"count":2,"href":"https:\/\/agora.xtec.cat\/escolapablopicasso\/wp-json\/wp\/v2\/posts\/7573\/revisions"}],"predecessor-version":[{"id":7579,"href":"https:\/\/agora.xtec.cat\/escolapablopicasso\/wp-json\/wp\/v2\/posts\/7573\/revisions\/7579"}],"wp:attachment":[{"href":"https:\/\/agora.xtec.cat\/escolapablopicasso\/wp-json\/wp\/v2\/media?parent=7573"}],"wp:term":[{"taxonomy":"category","embeddable":true,"href":"https:\/\/agora.xtec.cat\/escolapablopicasso\/wp-json\/wp\/v2\/categories?post=7573"},{"taxonomy":"post_tag","embeddable":true,"href":"https:\/\/agora.xtec.cat\/escolapablopicasso\/wp-json\/wp\/v2\/tags?post=7573"}],"curies":[{"name":"wp","href":"https:\/\/api.w.org\/{rel}","templated":true}]}}