{"id":7570,"date":"2023-10-13T13:17:39","date_gmt":"2023-10-13T11:17:39","guid":{"rendered":"https:\/\/agora.xtec.cat\/escolapablopicasso\/?p=7570"},"modified":"2023-10-16T13:23:21","modified_gmt":"2023-10-16T11:23:21","slug":"exposicio-de-pumpkins-3","status":"publish","type":"post","link":"https:\/\/agora.xtec.cat\/escolapablopicasso\/general\/exposicio-de-pumpkins-3\/","title":{"rendered":"EXPOSICI\u00d3 DE PUMPKINS"},"content":{"rendered":"<p>HELLO KIDS de 3r, 4t, 5\u00e8 i 6\u00e8!!!<\/p>\n<p>Falta molt poquet per HALLOWEEN i els mestres d&#8217;ENGLISH us volem convidar a participar en<br \/>\nl\u2019exposici\u00f3 de PUMPKINS.<br \/>\nLes podeu fer sols, amb un\/a company\/a, amb les fam\u00edlies i portar-les a l&#8217;escola el <strong>dilluns, 30 d&#8217;Octubre<\/strong> al mat\u00ed.<\/p>\n<p>Poden ser terror\u00edfiques, divertides, originals&#8230; La participaci\u00f3 \u00e9s <strong>volunt\u00e0ria.<\/strong><br \/>\nLa PUMPKIN ha de tenir el nom i el curs en un lloc visible.<\/p>\n<p>Recordeu que<strong> NO<\/strong>\u00a0acceptarem carbasses en mal estat, fora de termini o sense nom i\/o curs.<\/p>\n<p>Animeu-vos!!!!<\/p>\n<p>YOUR ENGLISH TEACHERS<\/p>\n<p><img loading=\"lazy\" decoding=\"async\" class=\"aligncenter  wp-image-7571\" src=\"https:\/\/agora.xtec.cat\/escolapablopicasso\/wp-content\/uploads\/usu295\/2023\/10\/5980302.png\" alt=\"\" width=\"326\" height=\"326\" srcset=\"https:\/\/agora.xtec.cat\/escolapablopicasso\/wp-content\/uploads\/usu295\/2023\/10\/5980302.png 512w, https:\/\/agora.xtec.cat\/escolapablopicasso\/wp-content\/uploads\/usu295\/2023\/10\/5980302-300x300.png 300w, https:\/\/agora.xtec.cat\/escolapablopicasso\/wp-content\/uploads\/usu295\/2023\/10\/5980302-150x150.png 150w\" sizes=\"auto, (max-width: 326px) 100vw, 326px\" \/><\/p>\n<p>&nbsp;<\/p>\n","protected":false},"excerpt":{"rendered":"<p>HELLO KIDS de 3r, 4t, 5\u00e8 i 6\u00e8!!!<br \/>\nFalta molt poquet per HALLOWEEN i els mestres d&#8217;ENGLISH us volem convidar a participar en<br \/>\nl\u2019exposici\u00f3 de PUMPKINS.<br \/>\nLes podeu fer sols, amb un\/a company\/a, amb les fam\u00edlies i portar-les a l&#8217;escola el dilluns, 30 d&#8217;Octubre al mat\u00ed.<br \/>\nPoden ser terror\u00edfiques,&hellip;  <a href=\"https:\/\/agora.xtec.cat\/escolapablopicasso\/general\/exposicio-de-pumpkins-3\/\" title=\"Read EXPOSICI\u00d3 DE PUMPKINS\">Llegeix m\u00e9s\u00bb<\/a><\/p>\n","protected":false},"author":1,"featured_media":0,"comment_status":"open","ping_status":"closed","sticky":false,"template":"","format":"standard","meta":{"_bbp_topic_count":0,"_bbp_reply_count":0,"_bbp_total_topic_count":0,"_bbp_total_reply_count":0,"_bbp_voice_count":0,"_bbp_anonymous_reply_count":0,"_bbp_topic_count_hidden":0,"_bbp_reply_count_hidden":0,"_bbp_forum_subforum_count":0,"footnotes":""},"categories":[12,13,14,15,22,23,1,4],"tags":[],"class_list":["post-7570","post","type-post","status-publish","format-standard","hentry","category-3r","category-4t","category-5e","category-6e","category-angles","category-nadal","category-general","category-portada"],"post_mailing_queue_ids":[],"_links":{"self":[{"href":"https:\/\/agora.xtec.cat\/escolapablopicasso\/wp-json\/wp\/v2\/posts\/7570","targetHints":{"allow":["GET"]}}],"collection":[{"href":"https:\/\/agora.xtec.cat\/escolapablopicasso\/wp-json\/wp\/v2\/posts"}],"about":[{"href":"https:\/\/agora.xtec.cat\/escolapablopicasso\/wp-json\/wp\/v2\/types\/post"}],"author":[{"embeddable":true,"href":"https:\/\/agora.xtec.cat\/escolapablopicasso\/wp-json\/wp\/v2\/users\/1"}],"replies":[{"embeddable":true,"href":"https:\/\/agora.xtec.cat\/escolapablopicasso\/wp-json\/wp\/v2\/comments?post=7570"}],"version-history":[{"count":1,"href":"https:\/\/agora.xtec.cat\/escolapablopicasso\/wp-json\/wp\/v2\/posts\/7570\/revisions"}],"predecessor-version":[{"id":7572,"href":"https:\/\/agora.xtec.cat\/escolapablopicasso\/wp-json\/wp\/v2\/posts\/7570\/revisions\/7572"}],"wp:attachment":[{"href":"https:\/\/agora.xtec.cat\/escolapablopicasso\/wp-json\/wp\/v2\/media?parent=7570"}],"wp:term":[{"taxonomy":"category","embeddable":true,"href":"https:\/\/agora.xtec.cat\/escolapablopicasso\/wp-json\/wp\/v2\/categories?post=7570"},{"taxonomy":"post_tag","embeddable":true,"href":"https:\/\/agora.xtec.cat\/escolapablopicasso\/wp-json\/wp\/v2\/tags?post=7570"}],"curies":[{"name":"wp","href":"https:\/\/api.w.org\/{rel}","templated":true}]}}