{"id":7536,"date":"2023-09-21T14:25:42","date_gmt":"2023-09-21T12:25:42","guid":{"rendered":"https:\/\/agora.xtec.cat\/escolapablopicasso\/?p=7536"},"modified":"2023-09-21T14:31:22","modified_gmt":"2023-09-21T12:31:22","slug":"cultura-emprenedora-a-lescola","status":"publish","type":"post","link":"https:\/\/agora.xtec.cat\/escolapablopicasso\/general\/cultura-emprenedora-a-lescola\/","title":{"rendered":"CULTURA EMPRENEDORA A L&#8217;ESCOLA"},"content":{"rendered":"<p><strong>Els alumnes de 6\u00e8 de la nostra escola s\u2019endinsaran en el m\u00f3n de l\u2019emprenedoria d\u2019una manera l\u00fadica i creativa.<\/strong><\/p>\n<p>Un total de\u00a0<strong>143 alumnes de 5\u00e8 i 6\u00e8 de prim\u00e0ria de les escoles del Bosc, Marta Mata i Pablo Picasso\u00a0<\/strong>s&#8217;endinsaran en el m\u00f3n emprenedor, guiats i sempre de la m\u00e0, del personal t\u00e8cnic d\u2019emprenedoria de Barber\u00e0 Promoci\u00f3 i el professorat del centre. Aquest \u00e9s el tercer any que es realitza aquesta experi\u00e8ncia a Barber\u00e0 del Vall\u00e8s.<\/p>\n<p>El\u00a0<strong>programa CuEmE<\/strong>\u00a0\u00e9s una activitat impulsada per la Diputaci\u00f3 de Barcelona per fomentar la cultura emprenedora i les compet\u00e8ncies b\u00e0siques en el cicle superior d&#8217;educaci\u00f3 prim\u00e0ria. El programa compta amb el suport de la comunitat educativa, l&#8217;administraci\u00f3 local i altres agents socials del municipi.<\/p>\n<p>Els infants de 6\u00e8 del Picasso ja han donat el primer pas i han sotm\u00e8s a votaci\u00f3 crear una cooperativa escolar. El resultat ha estat afirmatiu, aix\u00ed que ara comen\u00e7ar\u00e0 la creaci\u00f3 i gesti\u00f3 de les cooperatives al llarg del curs.<\/p>\n<p><strong>Crear un negoci des de zero<\/strong><\/p>\n<p>El seg\u00fcent pas \u00e9s\u00a0<strong>treballar per decidir totes les q\u00fcestions que afectin el seu negoci des de zero<\/strong>: treballar els estatuts, les normes, decidir els c\u00e0rrecs, la repartici\u00f3 de tasques, buscar un nom i dissenyar un logotip, fer un estudi de mercat, pensar i fabricar un producte a vendre, fer-ne la promoci\u00f3\u2026I finalment, comercialitzar-ho a final de curs al mercadet municipal.\u00a0Tamb\u00e9 hauran de decidir, entre tots i totes, quin percentatge dels beneficis destinaran a un projecte social, i especificar l\u2019entitat que ho rebr\u00e0.<\/p>\n<p>Es tracta d\u2019una\u00a0<strong>experi\u00e8ncia real en qu\u00e8 l\u2019alumnat t\u00e9 molta responsabilitat<\/strong>, per\u00f2 ho fa d\u2019una forma l\u00fadica i creativa que permet treballar diferents compet\u00e8ncies de manera transversal.<\/p>\n<p>((Article extret de la web de l&#8217;Ajuntament de Barber\u00e0 del Vall\u00e8s))<\/p>\n<p>M\u00e9s informaci\u00f3 a <a href=\"https:\/\/www.barberapromocio.cat\/ca\/content\/cultura-emprenedora-lescola-cueme\">Cultura emprenedora a l\u2019escola<\/a><\/p>\n","protected":false},"excerpt":{"rendered":"<p>Els alumnes de 6\u00e8 de la nostra escola s\u2019endinsaran en el m\u00f3n de l\u2019emprenedoria d\u2019una manera l\u00fadica i creativa.<br \/>\nUn total de\u00a0143 alumnes de 5\u00e8 i 6\u00e8 de prim\u00e0ria de les escoles del Bosc, Marta Mata i Pablo Picasso\u00a0s&#8217;endinsaran en el m\u00f3n emprenedor, guiats i sempre&hellip;  <a href=\"https:\/\/agora.xtec.cat\/escolapablopicasso\/general\/cultura-emprenedora-a-lescola\/\" title=\"Read CULTURA EMPRENEDORA A L&#8217;ESCOLA\">Llegeix m\u00e9s\u00bb<\/a><\/p>\n","protected":false},"author":1,"featured_media":0,"comment_status":"open","ping_status":"closed","sticky":false,"template":"","format":"standard","meta":{"_bbp_topic_count":0,"_bbp_reply_count":0,"_bbp_total_topic_count":0,"_bbp_total_reply_count":0,"_bbp_voice_count":0,"_bbp_anonymous_reply_count":0,"_bbp_topic_count_hidden":0,"_bbp_reply_count_hidden":0,"_bbp_forum_subforum_count":0,"footnotes":""},"categories":[15,1,4],"tags":[],"class_list":["post-7536","post","type-post","status-publish","format-standard","hentry","category-6e","category-general","category-portada"],"post_mailing_queue_ids":[],"_links":{"self":[{"href":"https:\/\/agora.xtec.cat\/escolapablopicasso\/wp-json\/wp\/v2\/posts\/7536","targetHints":{"allow":["GET"]}}],"collection":[{"href":"https:\/\/agora.xtec.cat\/escolapablopicasso\/wp-json\/wp\/v2\/posts"}],"about":[{"href":"https:\/\/agora.xtec.cat\/escolapablopicasso\/wp-json\/wp\/v2\/types\/post"}],"author":[{"embeddable":true,"href":"https:\/\/agora.xtec.cat\/escolapablopicasso\/wp-json\/wp\/v2\/users\/1"}],"replies":[{"embeddable":true,"href":"https:\/\/agora.xtec.cat\/escolapablopicasso\/wp-json\/wp\/v2\/comments?post=7536"}],"version-history":[{"count":3,"href":"https:\/\/agora.xtec.cat\/escolapablopicasso\/wp-json\/wp\/v2\/posts\/7536\/revisions"}],"predecessor-version":[{"id":7539,"href":"https:\/\/agora.xtec.cat\/escolapablopicasso\/wp-json\/wp\/v2\/posts\/7536\/revisions\/7539"}],"wp:attachment":[{"href":"https:\/\/agora.xtec.cat\/escolapablopicasso\/wp-json\/wp\/v2\/media?parent=7536"}],"wp:term":[{"taxonomy":"category","embeddable":true,"href":"https:\/\/agora.xtec.cat\/escolapablopicasso\/wp-json\/wp\/v2\/categories?post=7536"},{"taxonomy":"post_tag","embeddable":true,"href":"https:\/\/agora.xtec.cat\/escolapablopicasso\/wp-json\/wp\/v2\/tags?post=7536"}],"curies":[{"name":"wp","href":"https:\/\/api.w.org\/{rel}","templated":true}]}}