{"id":7531,"date":"2023-09-14T13:57:25","date_gmt":"2023-09-14T11:57:25","guid":{"rendered":"https:\/\/agora.xtec.cat\/escolapablopicasso\/?p=7531"},"modified":"2023-09-14T13:57:25","modified_gmt":"2023-09-14T11:57:25","slug":"quota-escolar-curs-2023-2024","status":"publish","type":"post","link":"https:\/\/agora.xtec.cat\/escolapablopicasso\/general\/quota-escolar-curs-2023-2024\/","title":{"rendered":"QUOTA ESCOLAR CURS 2023-2024"},"content":{"rendered":"<div>\n<div>\n<div>\n<div>\n<div>\n<p>La quota escolar d&#8217;aquest curs \u00e9s de 205 \u20ac per a Educaci\u00f3 Infantil i 165 \u20ac per a Educaci\u00f3 Prim\u00e0ria. L&#8217;aportaci\u00f3 es far\u00e0 de la seg\u00fcent manera:<\/p>\n<ul>\n<li><strong>La meitat de la quota al mes de setembre.<\/strong><\/li>\n<li><strong>L&#8217;altra meitat al mes de novembre <\/strong>o potser m\u00e9s tard quan disposem de totes les dades que ens ha d&#8217;enviar l&#8217;Ajuntament. Recordem que com ha passat els \u00faltims anys, l&#8217;Ajuntament dona un ajut perqu\u00e8 la quota es vegi redu\u00efda. Se us informar\u00e0 de quina \u00e9s la quantitat a aportar.<\/li>\n<\/ul>\n<p>La primera quota l&#8217;ha d&#8217;aportar tothom, independentment de si es t\u00e9 beca o no. Si es dona el cas que teniu beca aquests diners es poden deixar per a les sortides o retornar-los segons el cas.<\/p>\n<p>Si no es fa l&#8217;aportaci\u00f3 de la primera meitat de la quota escolar, els infants no podran realitzar les excursions ni rebr\u00e0 material donat per l&#8217;escola.<\/p>\n<p>Per a qualsevol consulta poseu-vos en contacte amb secretaria.<\/p>\n<p><img loading=\"lazy\" decoding=\"async\" class=\"aligncenter wp-image-7532 \" src=\"https:\/\/agora.xtec.cat\/escolapablopicasso\/wp-content\/uploads\/usu295\/2023\/09\/descarga.png\" alt=\"\" width=\"226\" height=\"226\" \/><\/p>\n<\/div>\n<\/div>\n<\/div>\n<\/div>\n<p>&nbsp;<\/p>\n<\/div>\n","protected":false},"excerpt":{"rendered":"<p>La quota escolar d&#8217;aquest curs \u00e9s de 205 \u20ac per a Educaci\u00f3 Infantil i 165 \u20ac per a Educaci\u00f3 Prim\u00e0ria. L&#8217;aportaci\u00f3 es far\u00e0 de la seg\u00fcent manera:<\/p>\n<ul>\n<li>La meitat de la quota al mes de setembre.<\/li>\n<li>L&#8217;altra meitat al mes de novembre o potser m\u00e9s tard quan&hellip;  <a href=\"https:\/\/agora.xtec.cat\/escolapablopicasso\/general\/quota-escolar-curs-2023-2024\/\" title=\"Read QUOTA ESCOLAR CURS 2023-2024\">Llegeix m\u00e9s\u00bb<\/a><br \/>\n","protected":false},"author":1,"featured_media":0,"comment_status":"open","ping_status":"closed","sticky":false,"template":"","format":"standard","meta":{"_bbp_topic_count":0,"_bbp_reply_count":0,"_bbp_total_topic_count":0,"_bbp_total_reply_count":0,"_bbp_voice_count":0,"_bbp_anonymous_reply_count":0,"_bbp_topic_count_hidden":0,"_bbp_reply_count_hidden":0,"_bbp_forum_subforum_count":0,"footnotes":""},"categories":[1,4],"tags":[],"class_list":["post-7531","post","type-post","status-publish","format-standard","hentry","category-general","category-portada"],"post_mailing_queue_ids":[],"_links":{"self":[{"href":"https:\/\/agora.xtec.cat\/escolapablopicasso\/wp-json\/wp\/v2\/posts\/7531","targetHints":{"allow":["GET"]}}],"collection":[{"href":"https:\/\/agora.xtec.cat\/escolapablopicasso\/wp-json\/wp\/v2\/posts"}],"about":[{"href":"https:\/\/agora.xtec.cat\/escolapablopicasso\/wp-json\/wp\/v2\/types\/post"}],"author":[{"embeddable":true,"href":"https:\/\/agora.xtec.cat\/escolapablopicasso\/wp-json\/wp\/v2\/users\/1"}],"replies":[{"embeddable":true,"href":"https:\/\/agora.xtec.cat\/escolapablopicasso\/wp-json\/wp\/v2\/comments?post=7531"}],"version-history":[{"count":1,"href":"https:\/\/agora.xtec.cat\/escolapablopicasso\/wp-json\/wp\/v2\/posts\/7531\/revisions"}],"predecessor-version":[{"id":7533,"href":"https:\/\/agora.xtec.cat\/escolapablopicasso\/wp-json\/wp\/v2\/posts\/7531\/revisions\/7533"}],"wp:attachment":[{"href":"https:\/\/agora.xtec.cat\/escolapablopicasso\/wp-json\/wp\/v2\/media?parent=7531"}],"wp:term":[{"taxonomy":"category","embeddable":true,"href":"https:\/\/agora.xtec.cat\/escolapablopicasso\/wp-json\/wp\/v2\/categories?post=7531"},{"taxonomy":"post_tag","embeddable":true,"href":"https:\/\/agora.xtec.cat\/escolapablopicasso\/wp-json\/wp\/v2\/tags?post=7531"}],"curies":[{"name":"wp","href":"https:\/\/api.w.org\/{rel}","templated":true}]}}