{"id":7485,"date":"2023-09-04T14:57:46","date_gmt":"2023-09-04T12:57:46","guid":{"rendered":"https:\/\/agora.xtec.cat\/escolapablopicasso\/?p=7485"},"modified":"2023-09-07T14:39:24","modified_gmt":"2023-09-07T12:39:24","slug":"inici-de-curs-2023-2024","status":"publish","type":"post","link":"https:\/\/agora.xtec.cat\/escolapablopicasso\/general\/inici-de-curs-2023-2024\/","title":{"rendered":"INICI DE CURS 2023-2024"},"content":{"rendered":"<p>Esperem que aquest temps de vacances us hagi perm\u00e8s descansar i gaudir amb la fam\u00edlia i amistats.<\/p>\n<p>Ens tornem a veure aviat i us volem comentar algunes cosetes necess\u00e0ries per tenir un bon inici:<\/p>\n<ul>\n<li><strong>Comencem el dia 6 de setembre amb horari habitual de mat\u00ed i tarda<\/strong>\u00a0per a tots els cursos des d&#8217;I-4 fins a 6\u00e8. En el cas d&#8217;I-3 ja es parlar\u00e0 de manera particular de com fer l&#8217;adaptaci\u00f3.<\/li>\n<li>Els infants d&#8217;EI, CI i 3r entraran per la porta principal del C\/ Can\u00e0ries i 4t, 5\u00e8 i 6\u00e8 per la porta de la placeta que va cap al C\/ N\u00e0pols.<\/li>\n<li>Us adjuntem, com cada any, el dossier amb el resum de les normes de funcionament del curs (cliqueu <a href=\"https:\/\/drive.google.com\/file\/d\/1B8ZDEKIXs28JukTBu0SxGyep3T7vsvof\/view?usp=drive_link\">aqu\u00ed<\/a>)<\/li>\n<li>Tamb\u00e9 heu de saber que, des de sindicats, hi ha convocada una vaga pel mateix dia 6 de setembre. Donat que existeix el dret de tothom a poder adherir-se a dita vaga, sense previ av\u00eds, i el dret dels infants a tenir una educaci\u00f3, no podem garantir el normal funcionament del centre quan a activitats lectives programades. Tanmateix, el centre romandr\u00e0 obert tal i com estableix el Departament d&#8217;Educaci\u00f3. El servei de menjador tamb\u00e9 est\u00e0 garantit.<\/li>\n<\/ul>\n<p><img loading=\"lazy\" decoding=\"async\" class=\"aligncenter  wp-image-7501\" src=\"https:\/\/agora.xtec.cat\/escolapablopicasso\/wp-content\/uploads\/usu295\/2023\/09\/4509734-300x300.png\" alt=\"\" width=\"212\" height=\"212\" srcset=\"https:\/\/agora.xtec.cat\/escolapablopicasso\/wp-content\/uploads\/usu295\/2023\/09\/4509734-300x300.png 300w, https:\/\/agora.xtec.cat\/escolapablopicasso\/wp-content\/uploads\/usu295\/2023\/09\/4509734-150x150.png 150w, https:\/\/agora.xtec.cat\/escolapablopicasso\/wp-content\/uploads\/usu295\/2023\/09\/4509734.png 512w\" sizes=\"auto, (max-width: 212px) 100vw, 212px\" \/><\/p>\n","protected":false},"excerpt":{"rendered":"<p>Esperem que aquest temps de vacances us hagi perm\u00e8s descansar i gaudir amb la fam\u00edlia i amistats.<br \/>\nEns tornem a veure aviat i us volem comentar algunes cosetes necess\u00e0ries per tenir un bon inici:<\/p>\n<ul>\n<li>Comencem el dia 6 de setembre amb horari habitual de mat\u00ed i tarda\u00a0per&hellip;  <a href=\"https:\/\/agora.xtec.cat\/escolapablopicasso\/general\/inici-de-curs-2023-2024\/\" title=\"Read INICI DE CURS 2023-2024\">Llegeix m\u00e9s\u00bb<\/a><br \/>\n","protected":false},"author":1,"featured_media":0,"comment_status":"open","ping_status":"closed","sticky":false,"template":"","format":"standard","meta":{"_bbp_topic_count":0,"_bbp_reply_count":0,"_bbp_total_topic_count":0,"_bbp_total_reply_count":0,"_bbp_voice_count":0,"_bbp_anonymous_reply_count":0,"_bbp_topic_count_hidden":0,"_bbp_reply_count_hidden":0,"_bbp_forum_subforum_count":0,"footnotes":""},"categories":[1,4],"tags":[],"class_list":["post-7485","post","type-post","status-publish","format-standard","hentry","category-general","category-portada"],"post_mailing_queue_ids":[],"_links":{"self":[{"href":"https:\/\/agora.xtec.cat\/escolapablopicasso\/wp-json\/wp\/v2\/posts\/7485","targetHints":{"allow":["GET"]}}],"collection":[{"href":"https:\/\/agora.xtec.cat\/escolapablopicasso\/wp-json\/wp\/v2\/posts"}],"about":[{"href":"https:\/\/agora.xtec.cat\/escolapablopicasso\/wp-json\/wp\/v2\/types\/post"}],"author":[{"embeddable":true,"href":"https:\/\/agora.xtec.cat\/escolapablopicasso\/wp-json\/wp\/v2\/users\/1"}],"replies":[{"embeddable":true,"href":"https:\/\/agora.xtec.cat\/escolapablopicasso\/wp-json\/wp\/v2\/comments?post=7485"}],"version-history":[{"count":3,"href":"https:\/\/agora.xtec.cat\/escolapablopicasso\/wp-json\/wp\/v2\/posts\/7485\/revisions"}],"predecessor-version":[{"id":7502,"href":"https:\/\/agora.xtec.cat\/escolapablopicasso\/wp-json\/wp\/v2\/posts\/7485\/revisions\/7502"}],"wp:attachment":[{"href":"https:\/\/agora.xtec.cat\/escolapablopicasso\/wp-json\/wp\/v2\/media?parent=7485"}],"wp:term":[{"taxonomy":"category","embeddable":true,"href":"https:\/\/agora.xtec.cat\/escolapablopicasso\/wp-json\/wp\/v2\/categories?post=7485"},{"taxonomy":"post_tag","embeddable":true,"href":"https:\/\/agora.xtec.cat\/escolapablopicasso\/wp-json\/wp\/v2\/tags?post=7485"}],"curies":[{"name":"wp","href":"https:\/\/api.w.org\/{rel}","templated":true}]}}