{"id":7441,"date":"2023-06-20T11:15:36","date_gmt":"2023-06-20T09:15:36","guid":{"rendered":"https:\/\/agora.xtec.cat\/escolapablopicasso\/?p=7441"},"modified":"2023-06-28T11:15:47","modified_gmt":"2023-06-28T09:15:47","slug":"concert-de-plaques","status":"publish","type":"post","link":"https:\/\/agora.xtec.cat\/escolapablopicasso\/general\/concert-de-plaques\/","title":{"rendered":"CONCERT DE PLAQUES"},"content":{"rendered":"<p>El passat 20 de juny, els infants de tota l&#8217;escola van gaudir d&#8217;un concert did\u00e0ctic de plaques a c\u00e0rrec dels alumnes de 4t, 5\u00e8 i 6\u00e8 que, a m\u00e9s a m\u00e9s, ens van interpretar 3 can\u00e7ons.<\/p>\n<p>A continuaci\u00f3, trobareu una presentaci\u00f3 did\u00e0ctica i diferents videos amb el petit concert que vam fer al gimn\u00e0s de l&#8217;escola.<\/p>\n<p><iframe loading=\"lazy\" src=\"\/\/www.youtube.com\/embed\/VqaS4A4GS70\" width=\"560\" height=\"314\" allowfullscreen=\"allowfullscreen\"><\/iframe><\/p>\n<p><iframe loading=\"lazy\" src=\"\/\/www.youtube.com\/embed\/CKwet_0HxLE\" width=\"560\" height=\"314\" allowfullscreen=\"allowfullscreen\"><\/iframe><\/p>\n<p><iframe loading=\"lazy\" src=\"\/\/www.youtube.com\/embed\/AdL6r1qTpSQ\" width=\"560\" height=\"314\" allowfullscreen=\"allowfullscreen\"><\/iframe><\/p>\n","protected":false},"excerpt":{"rendered":"<p>El passat 20 de juny, els infants de tota l&#8217;escola van gaudir d&#8217;un concert did\u00e0ctic de plaques a c\u00e0rrec dels alumnes de 4t, 5\u00e8 i 6\u00e8 que, a m\u00e9s a m\u00e9s, ens van interpretar 3 can\u00e7ons.<br \/>\nA continuaci\u00f3, trobareu una presentaci\u00f3 did\u00e0ctica i diferents videos amb&hellip;  <a href=\"https:\/\/agora.xtec.cat\/escolapablopicasso\/general\/concert-de-plaques\/\" title=\"Read CONCERT DE PLAQUES\">Llegeix m\u00e9s\u00bb<\/a><\/p>\n","protected":false},"author":1,"featured_media":7442,"comment_status":"open","ping_status":"closed","sticky":false,"template":"","format":"standard","meta":{"_bbp_topic_count":0,"_bbp_reply_count":0,"_bbp_total_topic_count":0,"_bbp_total_reply_count":0,"_bbp_voice_count":0,"_bbp_anonymous_reply_count":0,"_bbp_topic_count_hidden":0,"_bbp_reply_count_hidden":0,"_bbp_forum_subforum_count":0,"footnotes":""},"categories":[1,24,4],"tags":[],"class_list":["post-7441","post","type-post","status-publish","format-standard","has-post-thumbnail","hentry","category-general","category-musica","category-portada"],"post_mailing_queue_ids":[],"_links":{"self":[{"href":"https:\/\/agora.xtec.cat\/escolapablopicasso\/wp-json\/wp\/v2\/posts\/7441","targetHints":{"allow":["GET"]}}],"collection":[{"href":"https:\/\/agora.xtec.cat\/escolapablopicasso\/wp-json\/wp\/v2\/posts"}],"about":[{"href":"https:\/\/agora.xtec.cat\/escolapablopicasso\/wp-json\/wp\/v2\/types\/post"}],"author":[{"embeddable":true,"href":"https:\/\/agora.xtec.cat\/escolapablopicasso\/wp-json\/wp\/v2\/users\/1"}],"replies":[{"embeddable":true,"href":"https:\/\/agora.xtec.cat\/escolapablopicasso\/wp-json\/wp\/v2\/comments?post=7441"}],"version-history":[{"count":1,"href":"https:\/\/agora.xtec.cat\/escolapablopicasso\/wp-json\/wp\/v2\/posts\/7441\/revisions"}],"predecessor-version":[{"id":7443,"href":"https:\/\/agora.xtec.cat\/escolapablopicasso\/wp-json\/wp\/v2\/posts\/7441\/revisions\/7443"}],"wp:featuredmedia":[{"embeddable":true,"href":"https:\/\/agora.xtec.cat\/escolapablopicasso\/wp-json\/wp\/v2\/media\/7442"}],"wp:attachment":[{"href":"https:\/\/agora.xtec.cat\/escolapablopicasso\/wp-json\/wp\/v2\/media?parent=7441"}],"wp:term":[{"taxonomy":"category","embeddable":true,"href":"https:\/\/agora.xtec.cat\/escolapablopicasso\/wp-json\/wp\/v2\/categories?post=7441"},{"taxonomy":"post_tag","embeddable":true,"href":"https:\/\/agora.xtec.cat\/escolapablopicasso\/wp-json\/wp\/v2\/tags?post=7441"}],"curies":[{"name":"wp","href":"https:\/\/api.w.org\/{rel}","templated":true}]}}