{"id":7419,"date":"2023-06-02T20:07:10","date_gmt":"2023-06-02T18:07:10","guid":{"rendered":"https:\/\/agora.xtec.cat\/escolapablopicasso\/?p=7419"},"modified":"2023-06-08T20:16:16","modified_gmt":"2023-06-08T18:16:16","slug":"polca-dours","status":"publish","type":"post","link":"https:\/\/agora.xtec.cat\/escolapablopicasso\/general\/polca-dours\/","title":{"rendered":"POLCA D&#8217;OURS"},"content":{"rendered":"<p>El passat divendres 2 de juny, els infants de 3r van ballar la &#8220;Polca d&#8217;ours&#8221; al gimn\u00e0s de l&#8217;escola.<\/p>\n<p>Tamb\u00e9 anomenada polca dels \u00f3ssos, aquesta dansa tradicional catalana de la zona dels Pirineus \u00e9s molt din\u00e0mica i es balla amb parelles tot fent diferents moviments i acabant sempre amb l&#8217;intercanvi de parella en forma de rotllana.<\/p>\n<p><iframe loading=\"lazy\" src=\"\/\/www.youtube.com\/embed\/oOT0-AFpsJc\" width=\"560\" height=\"314\" allowfullscreen=\"allowfullscreen\"><\/iframe><\/p>\n","protected":false},"excerpt":{"rendered":"<p>El passat divendres 2 de juny, els infants de 3r van ballar la &#8220;Polca d&#8217;ours&#8221; al gimn\u00e0s de l&#8217;escola.<br \/>\nTamb\u00e9 anomenada polca dels \u00f3ssos, aquesta dansa tradicional catalana de la zona dels Pirineus \u00e9s molt din\u00e0mica i es balla amb parelles tot fent diferents moviments i&hellip;  <a href=\"https:\/\/agora.xtec.cat\/escolapablopicasso\/general\/polca-dours\/\" title=\"Read POLCA D&#8217;OURS\">Llegeix m\u00e9s\u00bb<\/a><\/p>\n","protected":false},"author":1,"featured_media":7420,"comment_status":"open","ping_status":"closed","sticky":false,"template":"","format":"standard","meta":{"_bbp_topic_count":0,"_bbp_reply_count":0,"_bbp_total_topic_count":0,"_bbp_total_reply_count":0,"_bbp_voice_count":0,"_bbp_anonymous_reply_count":0,"_bbp_topic_count_hidden":0,"_bbp_reply_count_hidden":0,"_bbp_forum_subforum_count":0,"footnotes":""},"categories":[12,1,24],"tags":[],"class_list":["post-7419","post","type-post","status-publish","format-standard","has-post-thumbnail","hentry","category-3r","category-general","category-musica"],"post_mailing_queue_ids":[],"_links":{"self":[{"href":"https:\/\/agora.xtec.cat\/escolapablopicasso\/wp-json\/wp\/v2\/posts\/7419","targetHints":{"allow":["GET"]}}],"collection":[{"href":"https:\/\/agora.xtec.cat\/escolapablopicasso\/wp-json\/wp\/v2\/posts"}],"about":[{"href":"https:\/\/agora.xtec.cat\/escolapablopicasso\/wp-json\/wp\/v2\/types\/post"}],"author":[{"embeddable":true,"href":"https:\/\/agora.xtec.cat\/escolapablopicasso\/wp-json\/wp\/v2\/users\/1"}],"replies":[{"embeddable":true,"href":"https:\/\/agora.xtec.cat\/escolapablopicasso\/wp-json\/wp\/v2\/comments?post=7419"}],"version-history":[{"count":1,"href":"https:\/\/agora.xtec.cat\/escolapablopicasso\/wp-json\/wp\/v2\/posts\/7419\/revisions"}],"predecessor-version":[{"id":7421,"href":"https:\/\/agora.xtec.cat\/escolapablopicasso\/wp-json\/wp\/v2\/posts\/7419\/revisions\/7421"}],"wp:featuredmedia":[{"embeddable":true,"href":"https:\/\/agora.xtec.cat\/escolapablopicasso\/wp-json\/wp\/v2\/media\/7420"}],"wp:attachment":[{"href":"https:\/\/agora.xtec.cat\/escolapablopicasso\/wp-json\/wp\/v2\/media?parent=7419"}],"wp:term":[{"taxonomy":"category","embeddable":true,"href":"https:\/\/agora.xtec.cat\/escolapablopicasso\/wp-json\/wp\/v2\/categories?post=7419"},{"taxonomy":"post_tag","embeddable":true,"href":"https:\/\/agora.xtec.cat\/escolapablopicasso\/wp-json\/wp\/v2\/tags?post=7419"}],"curies":[{"name":"wp","href":"https:\/\/api.w.org\/{rel}","templated":true}]}}