{"id":7401,"date":"2023-05-24T17:57:27","date_gmt":"2023-05-24T15:57:27","guid":{"rendered":"https:\/\/agora.xtec.cat\/escolapablopicasso\/?p=7401"},"modified":"2023-05-24T17:58:19","modified_gmt":"2023-05-24T15:58:19","slug":"viii-festa-major","status":"publish","type":"post","link":"https:\/\/agora.xtec.cat\/escolapablopicasso\/general\/viii-festa-major\/","title":{"rendered":"VIII FESTA MAJOR"},"content":{"rendered":"<p style=\"text-align: left;\">Torna la millor i incre\u00efble Festa Major de l&#8217;escola. Ser\u00e0 el dia <strong>16 de juny<\/strong> a la nostra Escola Pablo Picasso <strong>a partir de les 18:00\u202fh<\/strong>.<\/p>\n<p>Com cada any, en col\u00b7laboraci\u00f3 amb l&#8217;Escola, l&#8217;AMPA organitza la vuitena edici\u00f3 de la Festa Major de l&#8217;Escola Pablo Picasso, amb la participaci\u00f3 de pares, mares i mestres, en la millor de les festes del curs, per acomiadar-lo amb alegria.<\/p>\n<p>Tindrem jocs, inflables, m\u00fasica, tallers, sopar de germanor&#8230;<\/p>\n<p>Aquest any com podeu observar, no podrem gaudir d&#8217;inflables d&#8217;aigua ni festa de l&#8217;escuma, per l&#8217;esc\u00e0s\u00a0d&#8217;aigua que estem patint i la falta de pluges, per\u00f2\u00a0ben segur\u00a0que gaudireu de moltes m\u00e9s sorpreses que anirem preparant i esperem que us agradi tant com a nosaltres.<\/p>\n<p>COM HO FAREM?<\/p>\n<p>1-El dia 1 de juny, tots els socis\/es podreu recollir la vostra entrada gratu\u00efta al costat de l&#8217;entrada principal, a les 16:40\u202fh.<\/p>\n<p><strong>(ATENCI\u00d3!!! UN COP HAGIN SORTIT TOTS ELS INFANTS PER TAL DE NO COL\u00b7LAPSAR LA SORTIDA DELS PETITS\/ES).<\/strong><\/p>\n<p>El dia 2 de juny, es repartiran les entrades a les 9:10\u202fh i a les16:40\u202fh. Els infants no socis i altres familiars o amics que vulguin assistir (estudiants de prim\u00e0ria), podran adquirir igualment aquests mateixos dies la seva entrada pel preu de 20 \u20ac, participant de totes les activitats.<\/p>\n<p>Preguem que\u00a0es respectin\u00a0les indicacions esmentades i evitem faltes de respecte, hem d&#8217;entendre que som adults i tots\/es tenim feina i obligacions. Qualsevol incid\u00e8ncia al respecte, es negar\u00e0 l&#8217;entrada a la\u00a0fam\u00edlia\u00a0corresponent.<\/p>\n<p>Tamb\u00e9 podreu aprofitar per fer-vos socis\/es pel pr\u00f2xim curs<\/p>\n<p>RECORDEU VENIR EN AQUESTES DATES, SI NO, LES PERSONES QUE NO HAGIN RECOLLIT LA SEVA\u00a0POLSERA\u00a0HAURAN DE PAGAR UN C\u00c0RREC DE DOS EUROS PER\u00a0POLSERA!!!<\/p>\n<p>2-Els mateixos dies tamb\u00e9 es vendran tiquets per la rifa de diferents lots.<\/p>\n<p>3-El sopar el portareu vosaltres (entrepans, truites&#8230;). Hi haur\u00e0 venda de begudes,\u00a0fr\u00e0nkfurts, gofres i m\u00e9s novetats per part dels membres de l&#8217;AMPA durant tota la tarda i durant el sopar. Qui ho necessiti pot portar taules i cadires o una gran tovallola per posar\u00a0a terra.<\/p>\n<p>4-Tots heu de venir amb roba c\u00f2moda, fam\u00edlies incloses, perqu\u00e8 hi ha diferents activitats per fer amb els infants. Us entregarem el programa complet d&#8217;activitats el dia de recollida de les entrades.<\/p>\n<p>T&#8217;HO PERDR\u00c0S???<\/p>\n<p><img loading=\"lazy\" decoding=\"async\" class=\"aligncenter size-full wp-image-7402\" src=\"https:\/\/agora.xtec.cat\/escolapablopicasso\/wp-content\/uploads\/usu295\/2023\/05\/festa-major-2023_page-0001-2.jpg\" alt=\"\" width=\"800\" height=\"1131\" srcset=\"https:\/\/agora.xtec.cat\/escolapablopicasso\/wp-content\/uploads\/usu295\/2023\/05\/festa-major-2023_page-0001-2.jpg 800w, https:\/\/agora.xtec.cat\/escolapablopicasso\/wp-content\/uploads\/usu295\/2023\/05\/festa-major-2023_page-0001-2-212x300.jpg 212w, https:\/\/agora.xtec.cat\/escolapablopicasso\/wp-content\/uploads\/usu295\/2023\/05\/festa-major-2023_page-0001-2-724x1024.jpg 724w, https:\/\/agora.xtec.cat\/escolapablopicasso\/wp-content\/uploads\/usu295\/2023\/05\/festa-major-2023_page-0001-2-768x1086.jpg 768w\" sizes=\"auto, (max-width: 800px) 100vw, 800px\" \/><\/p>\n","protected":false},"excerpt":{"rendered":"<p>Torna la millor i incre\u00efble Festa Major de l&#8217;escola. Ser\u00e0 el dia 16 de juny a la nostra Escola Pablo Picasso a partir de les 18:00\u202fh.<br \/>\nCom cada any, en col\u00b7laboraci\u00f3 amb l&#8217;Escola, l&#8217;AMPA organitza la vuitena edici\u00f3 de la Festa Major de l&#8217;Escola Pablo Picasso,&hellip;  <a href=\"https:\/\/agora.xtec.cat\/escolapablopicasso\/general\/viii-festa-major\/\" title=\"Read VIII FESTA MAJOR\">Llegeix m\u00e9s\u00bb<\/a><\/p>\n","protected":false},"author":1,"featured_media":7402,"comment_status":"open","ping_status":"closed","sticky":false,"template":"","format":"standard","meta":{"_bbp_topic_count":0,"_bbp_reply_count":0,"_bbp_total_topic_count":0,"_bbp_total_reply_count":0,"_bbp_voice_count":0,"_bbp_anonymous_reply_count":0,"_bbp_topic_count_hidden":0,"_bbp_reply_count_hidden":0,"_bbp_forum_subforum_count":0,"footnotes":""},"categories":[7,23,1,4],"tags":[],"class_list":["post-7401","post","type-post","status-publish","format-standard","has-post-thumbnail","hentry","category-ampa","category-nadal","category-general","category-portada"],"post_mailing_queue_ids":[],"_links":{"self":[{"href":"https:\/\/agora.xtec.cat\/escolapablopicasso\/wp-json\/wp\/v2\/posts\/7401","targetHints":{"allow":["GET"]}}],"collection":[{"href":"https:\/\/agora.xtec.cat\/escolapablopicasso\/wp-json\/wp\/v2\/posts"}],"about":[{"href":"https:\/\/agora.xtec.cat\/escolapablopicasso\/wp-json\/wp\/v2\/types\/post"}],"author":[{"embeddable":true,"href":"https:\/\/agora.xtec.cat\/escolapablopicasso\/wp-json\/wp\/v2\/users\/1"}],"replies":[{"embeddable":true,"href":"https:\/\/agora.xtec.cat\/escolapablopicasso\/wp-json\/wp\/v2\/comments?post=7401"}],"version-history":[{"count":2,"href":"https:\/\/agora.xtec.cat\/escolapablopicasso\/wp-json\/wp\/v2\/posts\/7401\/revisions"}],"predecessor-version":[{"id":7404,"href":"https:\/\/agora.xtec.cat\/escolapablopicasso\/wp-json\/wp\/v2\/posts\/7401\/revisions\/7404"}],"wp:featuredmedia":[{"embeddable":true,"href":"https:\/\/agora.xtec.cat\/escolapablopicasso\/wp-json\/wp\/v2\/media\/7402"}],"wp:attachment":[{"href":"https:\/\/agora.xtec.cat\/escolapablopicasso\/wp-json\/wp\/v2\/media?parent=7401"}],"wp:term":[{"taxonomy":"category","embeddable":true,"href":"https:\/\/agora.xtec.cat\/escolapablopicasso\/wp-json\/wp\/v2\/categories?post=7401"},{"taxonomy":"post_tag","embeddable":true,"href":"https:\/\/agora.xtec.cat\/escolapablopicasso\/wp-json\/wp\/v2\/tags?post=7401"}],"curies":[{"name":"wp","href":"https:\/\/api.w.org\/{rel}","templated":true}]}}