{"id":7393,"date":"2023-05-16T22:23:23","date_gmt":"2023-05-16T20:23:23","guid":{"rendered":"https:\/\/agora.xtec.cat\/escolapablopicasso\/?p=7393"},"modified":"2023-05-24T19:42:10","modified_gmt":"2023-05-24T17:42:10","slug":"cantania-2023","status":"publish","type":"post","link":"https:\/\/agora.xtec.cat\/escolapablopicasso\/general\/cantania-2023\/","title":{"rendered":"CANT\u00c0NIA 2023"},"content":{"rendered":"<p>El passat dimarts 16 de maig, els infants de 5\u00e8A, 5\u00e8B i 5\u00e8C van interpretar les can\u00e7ons de &#8220;Les portes del m\u00f3n&#8221; de la Cant\u00e0nia 2023 a l&#8217;Auditori de Sant Cugat.<\/p>\n<p style=\"font-weight: 400;\">Cant\u00e0nia \u00e9s una activitat participativa dirigida a escolars de cicle mitj\u00e0 i superior de prim\u00e0ria. Cada temporada s\u2019encarrega una obra nova per a un gran cor de nens i nenes, a <u>compositors i escriptors catalans de reconegut prestigi<\/u>. Durant tot el curs escolar es treballa tant des de L\u2019Auditori com des de l\u2019escola. L\u2019objectiu \u00e9s organitzar un acte per als alumnes que, per les caracter\u00edstiques globals pensades exclusivament per a ells, per la qualitat i per la implicaci\u00f3 personal i col\u00b7lectiva en l\u2019acte, es converteixi en una viv\u00e8ncia musical inoblidable per a tots.<\/p>\n<p style=\"font-weight: 400;\">Fins a dia d\u2019avui, Cant\u00e0nia s\u2019ha realitzat a m\u00e9s de 20 ciutats de 6 pa\u00efsos tant europeus com americans. A Espanya: Argentona, Burgos, C\u00e0diz, El Vendrell, Figueres, Girona, Granollers, Madrid, Manresa, Matar\u00f3, Olot, Parla, Reus, Salamanca, Sant Cugat del Vall\u00e8s, Saragossa, Sevilla, Valladolid, Vic i Vilafranca del Pened\u00e8s. A Alemanya: Mainz, Bremen, Biefeld, Neustadt i Koblenz. A B\u00e8lgica: Brussel\u00b7les. A Portugal: Guimaraes. A Vene\u00e7uela: Caracas. A It\u00e0lia: Alexandria. I a M\u00e8xic. Les xifres anuals s\u00f3n espectaculars! Al llarg d\u2019un curs escolar passen pels escenaris de totes les ciutats participants aproximadament 50.000 nens i nenes, 1.000 mestres de m\u00fasica de m\u00e9s de 1.000 escoles i 100.000 espectadors.<\/p>\n<p style=\"font-weight: 400;\">Cant\u00e0nia vetlla per l\u2019educaci\u00f3 musical dels nens i nenes a trav\u00e9s d\u2019un cam\u00ed acompanyat de m\u00fasica, cultura i emoci\u00f3.<\/p>\n<p>Aqu\u00ed podeu veure un v\u00eddeo amb els infants de la nostra escola que ho van fer s\u00faper b\u00e9!!!!<\/p>\n<p><iframe loading=\"lazy\" src=\"\/\/www.youtube.com\/embed\/_h8J-JIB3YY\" width=\"560\" height=\"314\" allowfullscreen=\"allowfullscreen\"><\/iframe><\/p>\n","protected":false},"excerpt":{"rendered":"<p>El passat dimarts 16 de maig, els infants de 5\u00e8A, 5\u00e8B i 5\u00e8C van interpretar les can\u00e7ons de &#8220;Les portes del m\u00f3n&#8221; de la Cant\u00e0nia 2023 a l&#8217;Auditori de Sant Cugat.<br \/>\nCant\u00e0nia \u00e9s una activitat participativa dirigida a escolars de cicle mitj\u00e0 i superior de prim\u00e0ria.&hellip;  <a href=\"https:\/\/agora.xtec.cat\/escolapablopicasso\/general\/cantania-2023\/\" title=\"Read CANT\u00c0NIA 2023\">Llegeix m\u00e9s\u00bb<\/a><\/p>\n","protected":false},"author":1,"featured_media":7394,"comment_status":"open","ping_status":"closed","sticky":false,"template":"","format":"standard","meta":{"_bbp_topic_count":0,"_bbp_reply_count":0,"_bbp_total_topic_count":0,"_bbp_total_reply_count":0,"_bbp_voice_count":0,"_bbp_anonymous_reply_count":0,"_bbp_topic_count_hidden":0,"_bbp_reply_count_hidden":0,"_bbp_forum_subforum_count":0,"footnotes":""},"categories":[14,1,24,4,30],"tags":[],"class_list":["post-7393","post","type-post","status-publish","format-standard","has-post-thumbnail","hentry","category-5e","category-general","category-musica","category-portada","category-sortides"],"post_mailing_queue_ids":[],"_links":{"self":[{"href":"https:\/\/agora.xtec.cat\/escolapablopicasso\/wp-json\/wp\/v2\/posts\/7393","targetHints":{"allow":["GET"]}}],"collection":[{"href":"https:\/\/agora.xtec.cat\/escolapablopicasso\/wp-json\/wp\/v2\/posts"}],"about":[{"href":"https:\/\/agora.xtec.cat\/escolapablopicasso\/wp-json\/wp\/v2\/types\/post"}],"author":[{"embeddable":true,"href":"https:\/\/agora.xtec.cat\/escolapablopicasso\/wp-json\/wp\/v2\/users\/1"}],"replies":[{"embeddable":true,"href":"https:\/\/agora.xtec.cat\/escolapablopicasso\/wp-json\/wp\/v2\/comments?post=7393"}],"version-history":[{"count":2,"href":"https:\/\/agora.xtec.cat\/escolapablopicasso\/wp-json\/wp\/v2\/posts\/7393\/revisions"}],"predecessor-version":[{"id":7396,"href":"https:\/\/agora.xtec.cat\/escolapablopicasso\/wp-json\/wp\/v2\/posts\/7393\/revisions\/7396"}],"wp:featuredmedia":[{"embeddable":true,"href":"https:\/\/agora.xtec.cat\/escolapablopicasso\/wp-json\/wp\/v2\/media\/7394"}],"wp:attachment":[{"href":"https:\/\/agora.xtec.cat\/escolapablopicasso\/wp-json\/wp\/v2\/media?parent=7393"}],"wp:term":[{"taxonomy":"category","embeddable":true,"href":"https:\/\/agora.xtec.cat\/escolapablopicasso\/wp-json\/wp\/v2\/categories?post=7393"},{"taxonomy":"post_tag","embeddable":true,"href":"https:\/\/agora.xtec.cat\/escolapablopicasso\/wp-json\/wp\/v2\/tags?post=7393"}],"curies":[{"name":"wp","href":"https:\/\/api.w.org\/{rel}","templated":true}]}}