{"id":7382,"date":"2023-05-09T09:00:00","date_gmt":"2023-05-09T07:00:00","guid":{"rendered":"https:\/\/agora.xtec.cat\/escolapablopicasso\/?p=7382"},"modified":"2023-05-24T19:46:05","modified_gmt":"2023-05-24T17:46:05","slug":"preinscripcio-escolar-numero-de-desempat","status":"publish","type":"post","link":"https:\/\/agora.xtec.cat\/escolapablopicasso\/general\/preinscripcio-escolar-numero-de-desempat\/","title":{"rendered":"PREINSCRIPCI\u00d3 ESCOLAR: N\u00daMERO DE DESEMPAT"},"content":{"rendered":"<p>El\u00a0<strong>n\u00famero de desempat<\/strong>\u00a0per ordenar les sol\u00b7licituds de la\u00a0<a href=\"https:\/\/preinscripcio.gencat.cat\/ca\/inici\/\" target=\"_blank\" rel=\"noopener\">preinscripci\u00f3 escolar<\/a>\u00a0per al curs 2023-2024 \u00e9s\u00a0el\u00a0<strong>66646<\/strong>.<\/p>\n<p>A partir d&#8217;aquest n\u00famero &#8211;que\u00a0serveix tant per al segon cicle d&#8217;educaci\u00f3 infantil, com per\u00a0prim\u00e0ria i per a l&#8217;ESO&#8211; s&#8217;ordenen totes les sol\u00b7licituds empatades a punts, fins a cobrir les places disponibles.<\/p>\n<h2>Com queda el calendari?<\/h2>\n<p>La\u00a0<strong>llista definitiva<\/strong>\u00a0de sol\u00b7licituds per a l&#8217;assignaci\u00f3 de places es publicar\u00e0, ja amb l&#8217;ordre definitiu, el dijous<strong>\u00a0dia 11 de maig<\/strong>.<\/p>\n<p>Si no s&#8217;accedeix a cap pla\u00e7a en els centres demanats i\u00a0en la sol\u00b7licitud s&#8217;havia marcat que es vol una assignaci\u00f3 d&#8217;ofici, es poden\u00a0<strong>ampliar les peticions originals<\/strong>\u00a0i demanar places en centres que en tinguin de disponibles,\u00a0<strong>entre el 29 de maig i\u00a0l&#8217;1 de juny<\/strong>.<\/p>\n<p>Amb tot, l&#8217;oferta final de places escolars es publicar\u00e0 el<strong>\u00a09 de juny<\/strong>. Se sabran, per tant, les places escolars definitives per centre i curs. I tres dies despr\u00e9s,\u00a0<strong>el dia 12 de juny<\/strong>, es publicar\u00e0 la<strong>\u00a0llista final d&#8217;alumnes admesos<\/strong>\u00a0a cada centre, aix\u00ed com la\u00a0llista d&#8217;espera.<\/p>\n<p>La\u00a0<strong>matriculaci\u00f3 per al curs 2023-2024 es far\u00e0 entre el\u00a020 i el 28 de juny<\/strong>. Si la matr\u00edcula no es fa en el per\u00edode establert, es considera que es renuncia a la pla\u00e7a adjudicada, llevat que sigui per causes justificades.<\/p>\n<p>&nbsp;<\/p>\n","protected":false},"excerpt":{"rendered":"<p>El\u00a0n\u00famero de desempat\u00a0per ordenar les sol\u00b7licituds de la\u00a0<a href=\"https:\/\/preinscripcio.gencat.cat\/ca\/inici\/\" target=\"_blank\" rel=\"noopener\">preinscripci\u00f3 escolar<\/a>\u00a0per al curs 2023-2024 \u00e9s\u00a0el\u00a066646.<br \/>\nA partir d&#8217;aquest n\u00famero &#8211;que\u00a0serveix tant per al segon cicle d&#8217;educaci\u00f3 infantil, com per\u00a0prim\u00e0ria i per a l&#8217;ESO&#8211; s&#8217;ordenen totes les sol\u00b7licituds empatades a punts, fins a cobrir les places&hellip;  <a href=\"https:\/\/agora.xtec.cat\/escolapablopicasso\/general\/preinscripcio-escolar-numero-de-desempat\/\" title=\"Read PREINSCRIPCI\u00d3 ESCOLAR: N\u00daMERO DE DESEMPAT\">Llegeix m\u00e9s\u00bb<\/a><\/p>\n","protected":false},"author":1,"featured_media":0,"comment_status":"open","ping_status":"closed","sticky":false,"template":"","format":"standard","meta":{"_bbp_topic_count":0,"_bbp_reply_count":0,"_bbp_total_topic_count":0,"_bbp_total_reply_count":0,"_bbp_voice_count":0,"_bbp_anonymous_reply_count":0,"_bbp_topic_count_hidden":0,"_bbp_reply_count_hidden":0,"_bbp_forum_subforum_count":0,"footnotes":""},"categories":[1,4],"tags":[],"class_list":["post-7382","post","type-post","status-publish","format-standard","hentry","category-general","category-portada"],"post_mailing_queue_ids":[],"_links":{"self":[{"href":"https:\/\/agora.xtec.cat\/escolapablopicasso\/wp-json\/wp\/v2\/posts\/7382","targetHints":{"allow":["GET"]}}],"collection":[{"href":"https:\/\/agora.xtec.cat\/escolapablopicasso\/wp-json\/wp\/v2\/posts"}],"about":[{"href":"https:\/\/agora.xtec.cat\/escolapablopicasso\/wp-json\/wp\/v2\/types\/post"}],"author":[{"embeddable":true,"href":"https:\/\/agora.xtec.cat\/escolapablopicasso\/wp-json\/wp\/v2\/users\/1"}],"replies":[{"embeddable":true,"href":"https:\/\/agora.xtec.cat\/escolapablopicasso\/wp-json\/wp\/v2\/comments?post=7382"}],"version-history":[{"count":3,"href":"https:\/\/agora.xtec.cat\/escolapablopicasso\/wp-json\/wp\/v2\/posts\/7382\/revisions"}],"predecessor-version":[{"id":7405,"href":"https:\/\/agora.xtec.cat\/escolapablopicasso\/wp-json\/wp\/v2\/posts\/7382\/revisions\/7405"}],"wp:attachment":[{"href":"https:\/\/agora.xtec.cat\/escolapablopicasso\/wp-json\/wp\/v2\/media?parent=7382"}],"wp:term":[{"taxonomy":"category","embeddable":true,"href":"https:\/\/agora.xtec.cat\/escolapablopicasso\/wp-json\/wp\/v2\/categories?post=7382"},{"taxonomy":"post_tag","embeddable":true,"href":"https:\/\/agora.xtec.cat\/escolapablopicasso\/wp-json\/wp\/v2\/tags?post=7382"}],"curies":[{"name":"wp","href":"https:\/\/api.w.org\/{rel}","templated":true}]}}