{"id":7372,"date":"2023-05-05T20:00:39","date_gmt":"2023-05-05T18:00:39","guid":{"rendered":"https:\/\/agora.xtec.cat\/escolapablopicasso\/?p=7372"},"modified":"2023-05-24T20:15:20","modified_gmt":"2023-05-24T18:15:20","slug":"activitats-destiu-2023","status":"publish","type":"post","link":"https:\/\/agora.xtec.cat\/escolapablopicasso\/general\/activitats-destiu-2023\/","title":{"rendered":"ACTIVITATS D&#8217;ESTIU 2023"},"content":{"rendered":"<p>Ja tenim les activitats d\u2019estiu que es duran a terme a la ciutat a la finalitzaci\u00f3 del curs escolar. Barber\u00e0 del Vall\u00e8s comptar\u00e0 amb una gran varietat de casals, activitats l\u00fadiques, educatives i esportives. I tot gr\u00e0cies a una programaci\u00f3 elaborada conjuntament amb les associacions de mares i pares d\u2019alumnat, les associacions de fam\u00edlies d\u2019alumnat dels centres educatius p\u00fablics, els grups d&#8217;esplai de la ciutat i les entitats esportives.<\/p>\n<p>Les activitats d\u2019estiu s\u2019adrecen a diferents grups d\u2019edat i els infants, adolescents i joves podran gaudir m\u00e9s que mai d\u2019aquesta oferta fresca, diversa i pensada per a tothom.<\/p>\n<p>Les inscripcions comen\u00e7aran a partir del dia 8 de maig. Les fam\u00edlies interessades poden contactar directament amb l\u2019entitat organitzadora del casal.<\/p>\n<p>-M\u00e9s informaci\u00f3 del Casal d&#8217;estiu Escola Pablo Picasso: <a href=\"https:\/\/agora.xtec.cat\/escolapablopicasso\/ampa\/casal-destiu\/\">https:\/\/agora.xtec.cat\/escolapablopicasso\/ampa\/casal-destiu\/<\/a><\/p>\n<p>Cliqueu la imatge per accedir al llibret d&#8217;activitats d&#8217;estiu:<\/p>\n<p><a href=\"https:\/\/www.bdv.cat\/sites\/default\/files\/common\/Noticies\/llibret_activitats_estiu_bdv_2023_0.pdf\" target=\"_blank\" rel=\"noopener\"><img loading=\"lazy\" decoding=\"async\" class=\"aligncenter wp-image-7373 size-full\" src=\"https:\/\/agora.xtec.cat\/escolapablopicasso\/wp-content\/uploads\/usu295\/2023\/05\/activitats-estiu-2023.png\" alt=\"\" width=\"561\" height=\"807\" srcset=\"https:\/\/agora.xtec.cat\/escolapablopicasso\/wp-content\/uploads\/usu295\/2023\/05\/activitats-estiu-2023.png 561w, https:\/\/agora.xtec.cat\/escolapablopicasso\/wp-content\/uploads\/usu295\/2023\/05\/activitats-estiu-2023-209x300.png 209w\" sizes=\"auto, (max-width: 561px) 100vw, 561px\" \/><\/a><\/p>\n<p>&nbsp;<\/p>\n","protected":false},"excerpt":{"rendered":"<p>Ja tenim les activitats d\u2019estiu que es duran a terme a la ciutat a la finalitzaci\u00f3 del curs escolar. Barber\u00e0 del Vall\u00e8s comptar\u00e0 amb una gran varietat de casals, activitats l\u00fadiques, educatives i esportives. I tot gr\u00e0cies a una programaci\u00f3 elaborada conjuntament amb les associacions&hellip;  <a href=\"https:\/\/agora.xtec.cat\/escolapablopicasso\/general\/activitats-destiu-2023\/\" title=\"Read ACTIVITATS D&#8217;ESTIU 2023\">Llegeix m\u00e9s\u00bb<\/a><\/p>\n","protected":false},"author":1,"featured_media":7373,"comment_status":"open","ping_status":"closed","sticky":false,"template":"","format":"standard","meta":{"_bbp_topic_count":0,"_bbp_reply_count":0,"_bbp_total_topic_count":0,"_bbp_total_reply_count":0,"_bbp_voice_count":0,"_bbp_anonymous_reply_count":0,"_bbp_topic_count_hidden":0,"_bbp_reply_count_hidden":0,"_bbp_forum_subforum_count":0,"footnotes":""},"categories":[7,1,4],"tags":[],"class_list":["post-7372","post","type-post","status-publish","format-standard","has-post-thumbnail","hentry","category-ampa","category-general","category-portada"],"post_mailing_queue_ids":[],"_links":{"self":[{"href":"https:\/\/agora.xtec.cat\/escolapablopicasso\/wp-json\/wp\/v2\/posts\/7372","targetHints":{"allow":["GET"]}}],"collection":[{"href":"https:\/\/agora.xtec.cat\/escolapablopicasso\/wp-json\/wp\/v2\/posts"}],"about":[{"href":"https:\/\/agora.xtec.cat\/escolapablopicasso\/wp-json\/wp\/v2\/types\/post"}],"author":[{"embeddable":true,"href":"https:\/\/agora.xtec.cat\/escolapablopicasso\/wp-json\/wp\/v2\/users\/1"}],"replies":[{"embeddable":true,"href":"https:\/\/agora.xtec.cat\/escolapablopicasso\/wp-json\/wp\/v2\/comments?post=7372"}],"version-history":[{"count":3,"href":"https:\/\/agora.xtec.cat\/escolapablopicasso\/wp-json\/wp\/v2\/posts\/7372\/revisions"}],"predecessor-version":[{"id":7379,"href":"https:\/\/agora.xtec.cat\/escolapablopicasso\/wp-json\/wp\/v2\/posts\/7372\/revisions\/7379"}],"wp:featuredmedia":[{"embeddable":true,"href":"https:\/\/agora.xtec.cat\/escolapablopicasso\/wp-json\/wp\/v2\/media\/7373"}],"wp:attachment":[{"href":"https:\/\/agora.xtec.cat\/escolapablopicasso\/wp-json\/wp\/v2\/media?parent=7372"}],"wp:term":[{"taxonomy":"category","embeddable":true,"href":"https:\/\/agora.xtec.cat\/escolapablopicasso\/wp-json\/wp\/v2\/categories?post=7372"},{"taxonomy":"post_tag","embeddable":true,"href":"https:\/\/agora.xtec.cat\/escolapablopicasso\/wp-json\/wp\/v2\/tags?post=7372"}],"curies":[{"name":"wp","href":"https:\/\/api.w.org\/{rel}","templated":true}]}}