{"id":7356,"date":"2023-04-25T16:37:47","date_gmt":"2023-04-25T14:37:47","guid":{"rendered":"https:\/\/agora.xtec.cat\/escolapablopicasso\/?p=7356"},"modified":"2023-04-25T16:38:54","modified_gmt":"2023-04-25T14:38:54","slug":"torna-la-fruita-abril-6","status":"publish","type":"post","link":"https:\/\/agora.xtec.cat\/escolapablopicasso\/general\/torna-la-fruita-abril-6\/","title":{"rendered":"TORNA LA FRUITA (ABRIL)"},"content":{"rendered":"<p><img decoding=\"async\" src=\"http:\/\/2.bp.blogspot.com\/-3vzfbcgDDQw\/VQmKqZX3yDI\/AAAAAAAAAJc\/pJ8XcDA7x94\/s1600\/base%2Bcopia%2B16.jpg\" \/><\/p>\n<p>Torna la fruita a l\u2019escola aquest mes d&#8217;abril<strong>,<\/strong>\u00a0seguint amb el\u00a0<strong>Pla de consum de fruita a les escoles<\/strong>\u00a0(m\u00e9s info\u00a0<a title=\"Pla de consum de fruita\" href=\"http:\/\/agricultura.gencat.cat\/ca\/ambits\/alimentacio\/promocio-agroalimentaria\/fruita-llet-escoles\/fruita-escoles\/\" target=\"_blank\" rel=\"noopener noreferrer\">aqu\u00ed<\/a>).<\/p>\n<p>Aquest curs, degut a diferents problemes que han tingut a la seva organitzaci\u00f3, no ens han portat la dotaci\u00f3 fins ara. En aquesta ocasi\u00f3 ens han portat 5 peces de fruita per repartir de la seg\u00fcent manera:<\/p>\n<p><strong>Per esmorzar:<\/strong><\/p>\n<ul>\n<li>Dimecres 26: pera<\/li>\n<li>Dijous 27: poma vermella<\/li>\n<li>Divendres 28: pl\u00e0tan<\/li>\n<\/ul>\n<p><strong>Per berenar:<\/strong><\/p>\n<ul>\n<li>Dimecres 26: poma golden<\/li>\n<li>Dijous 27: taronja<\/li>\n<\/ul>\n<p>Com veieu farem entrega tamb\u00e9 a la tarda per berenar ja que\u00a0<strong>dilluns i dimarts \u00e9s festa i no tornarem a l&#8217;escola fins dimecres dia 3 de maig.<\/strong><\/p>\n<p><strong>Recordem que amb aquesta dotaci\u00f3 no cal que els infants portin esmorzar de cap tipus.<\/strong><\/p>\n","protected":false},"excerpt":{"rendered":"<p>Torna la fruita a l\u2019escola aquest mes d&#8217;abril,\u00a0seguint amb el\u00a0Pla de consum de fruita a les escoles\u00a0(m\u00e9s info\u00a0<a title=\"Pla de consum de fruita\" href=\"http:\/\/agricultura.gencat.cat\/ca\/ambits\/alimentacio\/promocio-agroalimentaria\/fruita-llet-escoles\/fruita-escoles\/\" target=\"_blank\" rel=\"noopener noreferrer\">aqu\u00ed<\/a>).<br \/>\nAquest curs, degut a diferents problemes que han tingut a la seva organitzaci\u00f3, no ens han portat la dotaci\u00f3&hellip;  <a href=\"https:\/\/agora.xtec.cat\/escolapablopicasso\/general\/torna-la-fruita-abril-6\/\" title=\"Read TORNA LA FRUITA (ABRIL)\">Llegeix m\u00e9s\u00bb<\/a><\/p>\n","protected":false},"author":1,"featured_media":0,"comment_status":"open","ping_status":"closed","sticky":false,"template":"","format":"standard","meta":{"_bbp_topic_count":0,"_bbp_reply_count":0,"_bbp_total_topic_count":0,"_bbp_total_reply_count":0,"_bbp_voice_count":0,"_bbp_anonymous_reply_count":0,"_bbp_topic_count_hidden":0,"_bbp_reply_count_hidden":0,"_bbp_forum_subforum_count":0,"footnotes":""},"categories":[1,4],"tags":[],"class_list":["post-7356","post","type-post","status-publish","format-standard","hentry","category-general","category-portada"],"post_mailing_queue_ids":[],"_links":{"self":[{"href":"https:\/\/agora.xtec.cat\/escolapablopicasso\/wp-json\/wp\/v2\/posts\/7356","targetHints":{"allow":["GET"]}}],"collection":[{"href":"https:\/\/agora.xtec.cat\/escolapablopicasso\/wp-json\/wp\/v2\/posts"}],"about":[{"href":"https:\/\/agora.xtec.cat\/escolapablopicasso\/wp-json\/wp\/v2\/types\/post"}],"author":[{"embeddable":true,"href":"https:\/\/agora.xtec.cat\/escolapablopicasso\/wp-json\/wp\/v2\/users\/1"}],"replies":[{"embeddable":true,"href":"https:\/\/agora.xtec.cat\/escolapablopicasso\/wp-json\/wp\/v2\/comments?post=7356"}],"version-history":[{"count":2,"href":"https:\/\/agora.xtec.cat\/escolapablopicasso\/wp-json\/wp\/v2\/posts\/7356\/revisions"}],"predecessor-version":[{"id":7358,"href":"https:\/\/agora.xtec.cat\/escolapablopicasso\/wp-json\/wp\/v2\/posts\/7356\/revisions\/7358"}],"wp:attachment":[{"href":"https:\/\/agora.xtec.cat\/escolapablopicasso\/wp-json\/wp\/v2\/media?parent=7356"}],"wp:term":[{"taxonomy":"category","embeddable":true,"href":"https:\/\/agora.xtec.cat\/escolapablopicasso\/wp-json\/wp\/v2\/categories?post=7356"},{"taxonomy":"post_tag","embeddable":true,"href":"https:\/\/agora.xtec.cat\/escolapablopicasso\/wp-json\/wp\/v2\/tags?post=7356"}],"curies":[{"name":"wp","href":"https:\/\/api.w.org\/{rel}","templated":true}]}}