{"id":7332,"date":"2023-04-18T14:13:54","date_gmt":"2023-04-18T12:13:54","guid":{"rendered":"https:\/\/agora.xtec.cat\/escolapablopicasso\/?p=7332"},"modified":"2023-04-18T14:13:54","modified_gmt":"2023-04-18T12:13:54","slug":"visita-museu-de-can-framis-i-parc-del-laberint-dhorta","status":"publish","type":"post","link":"https:\/\/agora.xtec.cat\/escolapablopicasso\/general\/visita-museu-de-can-framis-i-parc-del-laberint-dhorta\/","title":{"rendered":"Visita Museu de Can Framis i Parc del laberint d&#8217;Horta"},"content":{"rendered":"<p>Els infants de 4t el passat 13 de mar\u00e7 vam anar d&#8217;excursi\u00f3 al museu de Can Framis i al Parc del laberint d&#8217;Horta.<\/p>\n<p>Va ser un dia ple d&#8217;emocions. Primer, ens vam dirigir cap al museu, on ens van fer una visita per tot arreu i vam finalitzar l&#8217;exposici\u00f3 amb un taller d&#8217;art on els infants van ser els protagonistes. Despr\u00e9s, vam marxar cap al parc on vam poder gaudir d&#8217;uns espais \u00fanics que moltes i molts de nosaltres no coneixiem encara. Ho vam passar genial!<\/p>\n<p>Aquesta visita es tracta d&#8217;una experi\u00e8ncia molt enriquidora i que de segur queda guardada als records dels i les nostres infants.<\/p>\n<p>Cliqueu a sobre l&#8217;enlla\u00e7 per veure el v\u00eddeo de la sortida:\u00a0<a href=\"https:\/\/photos.app.goo.gl\/SB7s4xv3e6Mrpw6G8\">https:\/\/photos.app.goo.gl\/SB7s4xv3e6Mrpw6G8<\/a><\/p>\n","protected":false},"excerpt":{"rendered":"<p>Els infants de 4t el passat 13 de mar\u00e7 vam anar d&#8217;excursi\u00f3 al museu de Can Framis i al Parc del laberint d&#8217;Horta.<br \/>\nVa ser un dia ple d&#8217;emocions. Primer, ens vam dirigir cap al museu, on ens van fer una visita per tot arreu i&hellip;  <a href=\"https:\/\/agora.xtec.cat\/escolapablopicasso\/general\/visita-museu-de-can-framis-i-parc-del-laberint-dhorta\/\" title=\"Read Visita Museu de Can Framis i Parc del laberint d&#8217;Horta\">Llegeix m\u00e9s\u00bb<\/a><\/p>\n","protected":false},"author":4,"featured_media":7333,"comment_status":"open","ping_status":"closed","sticky":false,"template":"","format":"standard","meta":{"_bbp_topic_count":0,"_bbp_reply_count":0,"_bbp_total_topic_count":0,"_bbp_total_reply_count":0,"_bbp_voice_count":0,"_bbp_anonymous_reply_count":0,"_bbp_topic_count_hidden":0,"_bbp_reply_count_hidden":0,"_bbp_forum_subforum_count":0,"footnotes":""},"categories":[13,1,30],"tags":[],"class_list":["post-7332","post","type-post","status-publish","format-standard","has-post-thumbnail","hentry","category-4t","category-general","category-sortides"],"post_mailing_queue_ids":[],"_links":{"self":[{"href":"https:\/\/agora.xtec.cat\/escolapablopicasso\/wp-json\/wp\/v2\/posts\/7332","targetHints":{"allow":["GET"]}}],"collection":[{"href":"https:\/\/agora.xtec.cat\/escolapablopicasso\/wp-json\/wp\/v2\/posts"}],"about":[{"href":"https:\/\/agora.xtec.cat\/escolapablopicasso\/wp-json\/wp\/v2\/types\/post"}],"author":[{"embeddable":true,"href":"https:\/\/agora.xtec.cat\/escolapablopicasso\/wp-json\/wp\/v2\/users\/4"}],"replies":[{"embeddable":true,"href":"https:\/\/agora.xtec.cat\/escolapablopicasso\/wp-json\/wp\/v2\/comments?post=7332"}],"version-history":[{"count":2,"href":"https:\/\/agora.xtec.cat\/escolapablopicasso\/wp-json\/wp\/v2\/posts\/7332\/revisions"}],"predecessor-version":[{"id":7335,"href":"https:\/\/agora.xtec.cat\/escolapablopicasso\/wp-json\/wp\/v2\/posts\/7332\/revisions\/7335"}],"wp:featuredmedia":[{"embeddable":true,"href":"https:\/\/agora.xtec.cat\/escolapablopicasso\/wp-json\/wp\/v2\/media\/7333"}],"wp:attachment":[{"href":"https:\/\/agora.xtec.cat\/escolapablopicasso\/wp-json\/wp\/v2\/media?parent=7332"}],"wp:term":[{"taxonomy":"category","embeddable":true,"href":"https:\/\/agora.xtec.cat\/escolapablopicasso\/wp-json\/wp\/v2\/categories?post=7332"},{"taxonomy":"post_tag","embeddable":true,"href":"https:\/\/agora.xtec.cat\/escolapablopicasso\/wp-json\/wp\/v2\/tags?post=7332"}],"curies":[{"name":"wp","href":"https:\/\/api.w.org\/{rel}","templated":true}]}}