{"id":7326,"date":"2023-04-16T18:52:52","date_gmt":"2023-04-16T16:52:52","guid":{"rendered":"https:\/\/agora.xtec.cat\/escolapablopicasso\/?p=7326"},"modified":"2023-04-16T18:54:27","modified_gmt":"2023-04-16T16:54:27","slug":"charlie-i-la-fabrica-de-xocolata-cicle-inicial","status":"publish","type":"post","link":"https:\/\/agora.xtec.cat\/escolapablopicasso\/general\/charlie-i-la-fabrica-de-xocolata-cicle-inicial\/","title":{"rendered":"CHARLIE I LA F\u00c0BRICA DE XOCOLATA- CICLE INICIAL"},"content":{"rendered":"<p>Els infants de cicle inicial (1r i 2n) dedicarem aquesta VI Setmana Liter\u00e0ria al conte &#8220;Charlie i la f\u00e0brica de xocolata&#8221;<\/p>\n<p>A continuaci\u00f3, podeu trobar diferents recursos i jocs per repassar la hist\u00f2ria (cliqueu cada imatge per accedir als enlla\u00e7os):<\/p>\n<p><a href=\"https:\/\/view.genial.ly\/63c984182c5d3b0012922967\/interactive-content-charlie-y-la-fabrica-de-chocolate\"><img loading=\"lazy\" decoding=\"async\" class=\"aligncenter wp-image-7328 size-large\" src=\"https:\/\/agora.xtec.cat\/escolapablopicasso\/wp-content\/uploads\/usu295\/2023\/04\/joc-2-1024x575.png\" alt=\"\" width=\"1024\" height=\"575\" srcset=\"https:\/\/agora.xtec.cat\/escolapablopicasso\/wp-content\/uploads\/usu295\/2023\/04\/joc-2-1024x575.png 1024w, https:\/\/agora.xtec.cat\/escolapablopicasso\/wp-content\/uploads\/usu295\/2023\/04\/joc-2-300x168.png 300w, https:\/\/agora.xtec.cat\/escolapablopicasso\/wp-content\/uploads\/usu295\/2023\/04\/joc-2-768x431.png 768w, https:\/\/agora.xtec.cat\/escolapablopicasso\/wp-content\/uploads\/usu295\/2023\/04\/joc-2.png 1437w\" sizes=\"auto, (max-width: 1024px) 100vw, 1024px\" \/><\/a><\/p>\n<p>&nbsp;<\/p>\n<p><a href=\"https:\/\/view.genial.ly\/643c10e9261bc6001b54d730\/presentation-charlie-i-la-fabrica-de-xocolata\"><img loading=\"lazy\" decoding=\"async\" class=\"aligncenter wp-image-7327 size-large\" src=\"https:\/\/agora.xtec.cat\/escolapablopicasso\/wp-content\/uploads\/usu295\/2023\/04\/joc-1-1024x554.png\" alt=\"\" width=\"1024\" height=\"554\" srcset=\"https:\/\/agora.xtec.cat\/escolapablopicasso\/wp-content\/uploads\/usu295\/2023\/04\/joc-1-1024x554.png 1024w, https:\/\/agora.xtec.cat\/escolapablopicasso\/wp-content\/uploads\/usu295\/2023\/04\/joc-1-300x162.png 300w, https:\/\/agora.xtec.cat\/escolapablopicasso\/wp-content\/uploads\/usu295\/2023\/04\/joc-1-768x416.png 768w, https:\/\/agora.xtec.cat\/escolapablopicasso\/wp-content\/uploads\/usu295\/2023\/04\/joc-1.png 1339w\" sizes=\"auto, (max-width: 1024px) 100vw, 1024px\" \/><\/a><\/p>\n<p>&nbsp;<\/p>\n<p>&nbsp;<\/p>\n","protected":false},"excerpt":{"rendered":"<p>Els infants de cicle inicial (1r i 2n) dedicarem aquesta VI Setmana Liter\u00e0ria al conte &#8220;Charlie i la f\u00e0brica de xocolata&#8221;<br \/>\nA continuaci\u00f3, podeu trobar diferents recursos i jocs per repassar la hist\u00f2ria (cliqueu cada imatge per accedir als enlla\u00e7os):<br \/>\n<a href=\"https:\/\/view.genial.ly\/63c984182c5d3b0012922967\/interactive-content-charlie-y-la-fabrica-de-chocolate\"><\/a><br \/>\n&nbsp;<br \/>\n<a href=\"https:\/\/view.genial.ly\/643c10e9261bc6001b54d730\/presentation-charlie-i-la-fabrica-de-xocolata\"><\/a><br \/>\n&nbsp;<br \/>\n&nbsp;<\/p>\n","protected":false},"author":1,"featured_media":0,"comment_status":"open","ping_status":"closed","sticky":false,"template":"","format":"standard","meta":{"_bbp_topic_count":0,"_bbp_reply_count":0,"_bbp_total_topic_count":0,"_bbp_total_reply_count":0,"_bbp_voice_count":0,"_bbp_anonymous_reply_count":0,"_bbp_topic_count_hidden":0,"_bbp_reply_count_hidden":0,"_bbp_forum_subforum_count":0,"footnotes":""},"categories":[10,11,1],"tags":[],"class_list":["post-7326","post","type-post","status-publish","format-standard","hentry","category-1r","category-2n","category-general"],"post_mailing_queue_ids":[],"_links":{"self":[{"href":"https:\/\/agora.xtec.cat\/escolapablopicasso\/wp-json\/wp\/v2\/posts\/7326","targetHints":{"allow":["GET"]}}],"collection":[{"href":"https:\/\/agora.xtec.cat\/escolapablopicasso\/wp-json\/wp\/v2\/posts"}],"about":[{"href":"https:\/\/agora.xtec.cat\/escolapablopicasso\/wp-json\/wp\/v2\/types\/post"}],"author":[{"embeddable":true,"href":"https:\/\/agora.xtec.cat\/escolapablopicasso\/wp-json\/wp\/v2\/users\/1"}],"replies":[{"embeddable":true,"href":"https:\/\/agora.xtec.cat\/escolapablopicasso\/wp-json\/wp\/v2\/comments?post=7326"}],"version-history":[{"count":3,"href":"https:\/\/agora.xtec.cat\/escolapablopicasso\/wp-json\/wp\/v2\/posts\/7326\/revisions"}],"predecessor-version":[{"id":7331,"href":"https:\/\/agora.xtec.cat\/escolapablopicasso\/wp-json\/wp\/v2\/posts\/7326\/revisions\/7331"}],"wp:attachment":[{"href":"https:\/\/agora.xtec.cat\/escolapablopicasso\/wp-json\/wp\/v2\/media?parent=7326"}],"wp:term":[{"taxonomy":"category","embeddable":true,"href":"https:\/\/agora.xtec.cat\/escolapablopicasso\/wp-json\/wp\/v2\/categories?post=7326"},{"taxonomy":"post_tag","embeddable":true,"href":"https:\/\/agora.xtec.cat\/escolapablopicasso\/wp-json\/wp\/v2\/tags?post=7326"}],"curies":[{"name":"wp","href":"https:\/\/api.w.org\/{rel}","templated":true}]}}