{"id":7306,"date":"2023-03-30T17:33:47","date_gmt":"2023-03-30T15:33:47","guid":{"rendered":"https:\/\/agora.xtec.cat\/escolapablopicasso\/?p=7306"},"modified":"2023-03-30T17:43:14","modified_gmt":"2023-03-30T15:43:14","slug":"inclusio-a-laula","status":"publish","type":"post","link":"https:\/\/agora.xtec.cat\/escolapablopicasso\/general\/inclusio-a-laula\/","title":{"rendered":"INCLUSI\u00d3 A L&#8217;AULA"},"content":{"rendered":"<p>Des de la Direcci\u00f3 General d\u2019Educaci\u00f3 Inclusiva amb la col\u00b7laboraci\u00f3 de la Direcci\u00f3 General de l\u2019Alumnat es van posar en contacte amb el nostre centre per fer-nos un enc\u00e0rrec.<\/p>\n<p>Hav\u00edem de treballar a l&#8217;aula uns materials sobre la inclusi\u00f3 per tal de con\u00e8ixer l&#8217;opini\u00f3 del nostre alumnat sobre el tema.<\/p>\n<p>A continuaci\u00f3, us adjuntem 4 infografies de les activitats portades a l&#8217;aula d&#8217;I3, I4, I5 i 3r (cliqueu cada imatge per fer m\u00e9s gran)<\/p>\n<p><a href=\"https:\/\/agora.xtec.cat\/escolapablopicasso\/wp-content\/uploads\/usu295\/2023\/03\/INFANTIL-3.jpg\"><img loading=\"lazy\" decoding=\"async\" class=\"wp-image-7307 alignnone\" src=\"https:\/\/agora.xtec.cat\/escolapablopicasso\/wp-content\/uploads\/usu295\/2023\/03\/INFANTIL-3-410x1024.jpg\" alt=\"\" width=\"289\" height=\"722\" \/>\u00a0<\/a> \u00a0\u00a0<a href=\"https:\/\/agora.xtec.cat\/escolapablopicasso\/wp-content\/uploads\/usu295\/2023\/03\/INFANTIL-4.jpg\"><img loading=\"lazy\" decoding=\"async\" class=\"wp-image-7308 alignnone\" src=\"https:\/\/agora.xtec.cat\/escolapablopicasso\/wp-content\/uploads\/usu295\/2023\/03\/INFANTIL-4-410x1024.jpg\" alt=\"\" width=\"290\" height=\"724\" srcset=\"https:\/\/agora.xtec.cat\/escolapablopicasso\/wp-content\/uploads\/usu295\/2023\/03\/INFANTIL-4-410x1024.jpg 410w, https:\/\/agora.xtec.cat\/escolapablopicasso\/wp-content\/uploads\/usu295\/2023\/03\/INFANTIL-4-120x300.jpg 120w, https:\/\/agora.xtec.cat\/escolapablopicasso\/wp-content\/uploads\/usu295\/2023\/03\/INFANTIL-4-768x1920.jpg 768w, https:\/\/agora.xtec.cat\/escolapablopicasso\/wp-content\/uploads\/usu295\/2023\/03\/INFANTIL-4-614x1536.jpg 614w, https:\/\/agora.xtec.cat\/escolapablopicasso\/wp-content\/uploads\/usu295\/2023\/03\/INFANTIL-4.jpg 800w\" sizes=\"auto, (max-width: 290px) 100vw, 290px\" \/><\/a><\/p>\n<p><a href=\"https:\/\/agora.xtec.cat\/escolapablopicasso\/wp-content\/uploads\/usu295\/2023\/03\/INFANTIL-5.jpg\"><img loading=\"lazy\" decoding=\"async\" class=\" wp-image-7309 alignnone\" src=\"https:\/\/agora.xtec.cat\/escolapablopicasso\/wp-content\/uploads\/usu295\/2023\/03\/INFANTIL-5-410x1024.jpg\" alt=\"\" width=\"292\" height=\"730\" srcset=\"https:\/\/agora.xtec.cat\/escolapablopicasso\/wp-content\/uploads\/usu295\/2023\/03\/INFANTIL-5-410x1024.jpg 410w, https:\/\/agora.xtec.cat\/escolapablopicasso\/wp-content\/uploads\/usu295\/2023\/03\/INFANTIL-5-120x300.jpg 120w, https:\/\/agora.xtec.cat\/escolapablopicasso\/wp-content\/uploads\/usu295\/2023\/03\/INFANTIL-5-768x1920.jpg 768w, https:\/\/agora.xtec.cat\/escolapablopicasso\/wp-content\/uploads\/usu295\/2023\/03\/INFANTIL-5-614x1536.jpg 614w, https:\/\/agora.xtec.cat\/escolapablopicasso\/wp-content\/uploads\/usu295\/2023\/03\/INFANTIL-5.jpg 800w\" sizes=\"auto, (max-width: 292px) 100vw, 292px\" \/>\u00a0\u00a0\u00a0<\/a><a href=\"https:\/\/agora.xtec.cat\/escolapablopicasso\/wp-content\/uploads\/usu295\/2023\/03\/CICLE-MITJA-3R.jpg\"> <img loading=\"lazy\" decoding=\"async\" class=\" wp-image-7310 alignnone\" src=\"https:\/\/agora.xtec.cat\/escolapablopicasso\/wp-content\/uploads\/usu295\/2023\/03\/CICLE-MITJA-3R-410x1024.jpg\" alt=\"\" width=\"291\" height=\"727\" srcset=\"https:\/\/agora.xtec.cat\/escolapablopicasso\/wp-content\/uploads\/usu295\/2023\/03\/CICLE-MITJA-3R-410x1024.jpg 410w, https:\/\/agora.xtec.cat\/escolapablopicasso\/wp-content\/uploads\/usu295\/2023\/03\/CICLE-MITJA-3R-120x300.jpg 120w, https:\/\/agora.xtec.cat\/escolapablopicasso\/wp-content\/uploads\/usu295\/2023\/03\/CICLE-MITJA-3R-768x1920.jpg 768w, https:\/\/agora.xtec.cat\/escolapablopicasso\/wp-content\/uploads\/usu295\/2023\/03\/CICLE-MITJA-3R-614x1536.jpg 614w, https:\/\/agora.xtec.cat\/escolapablopicasso\/wp-content\/uploads\/usu295\/2023\/03\/CICLE-MITJA-3R.jpg 800w\" sizes=\"auto, (max-width: 291px) 100vw, 291px\" \/><\/a><\/p>\n","protected":false},"excerpt":{"rendered":"<p>Des de la Direcci\u00f3 General d\u2019Educaci\u00f3 Inclusiva amb la col\u00b7laboraci\u00f3 de la Direcci\u00f3 General de l\u2019Alumnat es van posar en contacte amb el nostre centre per fer-nos un enc\u00e0rrec.<br \/>\nHav\u00edem de treballar a l&#8217;aula uns materials sobre la inclusi\u00f3 per tal de con\u00e8ixer l&#8217;opini\u00f3 del nostre&hellip;  <a href=\"https:\/\/agora.xtec.cat\/escolapablopicasso\/general\/inclusio-a-laula\/\" title=\"Read INCLUSI\u00d3 A L&#8217;AULA\">Llegeix m\u00e9s\u00bb<\/a><\/p>\n","protected":false},"author":1,"featured_media":7307,"comment_status":"open","ping_status":"closed","sticky":false,"template":"","format":"standard","meta":{"_bbp_topic_count":0,"_bbp_reply_count":0,"_bbp_total_topic_count":0,"_bbp_total_reply_count":0,"_bbp_voice_count":0,"_bbp_anonymous_reply_count":0,"_bbp_topic_count_hidden":0,"_bbp_reply_count_hidden":0,"_bbp_forum_subforum_count":0,"footnotes":""},"categories":[1,4],"tags":[],"class_list":["post-7306","post","type-post","status-publish","format-standard","has-post-thumbnail","hentry","category-general","category-portada"],"post_mailing_queue_ids":[],"_links":{"self":[{"href":"https:\/\/agora.xtec.cat\/escolapablopicasso\/wp-json\/wp\/v2\/posts\/7306","targetHints":{"allow":["GET"]}}],"collection":[{"href":"https:\/\/agora.xtec.cat\/escolapablopicasso\/wp-json\/wp\/v2\/posts"}],"about":[{"href":"https:\/\/agora.xtec.cat\/escolapablopicasso\/wp-json\/wp\/v2\/types\/post"}],"author":[{"embeddable":true,"href":"https:\/\/agora.xtec.cat\/escolapablopicasso\/wp-json\/wp\/v2\/users\/1"}],"replies":[{"embeddable":true,"href":"https:\/\/agora.xtec.cat\/escolapablopicasso\/wp-json\/wp\/v2\/comments?post=7306"}],"version-history":[{"count":2,"href":"https:\/\/agora.xtec.cat\/escolapablopicasso\/wp-json\/wp\/v2\/posts\/7306\/revisions"}],"predecessor-version":[{"id":7312,"href":"https:\/\/agora.xtec.cat\/escolapablopicasso\/wp-json\/wp\/v2\/posts\/7306\/revisions\/7312"}],"wp:featuredmedia":[{"embeddable":true,"href":"https:\/\/agora.xtec.cat\/escolapablopicasso\/wp-json\/wp\/v2\/media\/7307"}],"wp:attachment":[{"href":"https:\/\/agora.xtec.cat\/escolapablopicasso\/wp-json\/wp\/v2\/media?parent=7306"}],"wp:term":[{"taxonomy":"category","embeddable":true,"href":"https:\/\/agora.xtec.cat\/escolapablopicasso\/wp-json\/wp\/v2\/categories?post=7306"},{"taxonomy":"post_tag","embeddable":true,"href":"https:\/\/agora.xtec.cat\/escolapablopicasso\/wp-json\/wp\/v2\/tags?post=7306"}],"curies":[{"name":"wp","href":"https:\/\/api.w.org\/{rel}","templated":true}]}}