{"id":7301,"date":"2023-03-22T20:11:46","date_gmt":"2023-03-22T19:11:46","guid":{"rendered":"https:\/\/agora.xtec.cat\/escolapablopicasso\/?p=7301"},"modified":"2023-03-26T20:25:10","modified_gmt":"2023-03-26T18:25:10","slug":"lectura-en-veu-alta","status":"publish","type":"post","link":"https:\/\/agora.xtec.cat\/escolapablopicasso\/general\/lectura-en-veu-alta\/","title":{"rendered":"LECTURA EN VEU ALTA"},"content":{"rendered":"<p>El passat dimecres 22 de mar\u00e7, la nostra escola va participar en el Certamen de Lectura en Veu Alta.<\/p>\n<p>Veualta \u00e9s un projecte del Grup Enciclop\u00e8dia que t\u00e9 la missi\u00f3 de promoure la literatura i la llengua per mitj\u00e0 de la lectura compartida en veu alta.<\/p>\n<p>La\u00a0<strong>Fundaci\u00f3 Enciclop\u00e8dia Catalana<\/strong>\u00a0i el\u00a0<strong>Departament d\u2019Educaci\u00f3 de la Generalitat de Catalunya<\/strong>\u00a0tenen un acord de col\u00b7laboraci\u00f3 per a la coorganitzaci\u00f3 del\u00a0<strong>Certamen nacional infantil i juvenil de lectura en veu alta<\/strong>.\u00a0Aquest acord neix de l\u2019inter\u00e8s d\u2019ambdues entitats per la promoci\u00f3 de la lectura i estem conven\u00e7uts que la col\u00b7laboraci\u00f3 permet que el Certamen segueixi creixent en quantitat i en qualitat.<\/p>\n<p>El Grup Enciclop\u00e8dia est\u00e0 estructurat en diverses \u00e0rees: educaci\u00f3, amb Text i VeuAlta; segells amb Univers, La Galera, Viena, Bridge, Catedral, Rata, Ediciones Invisibles i Enciclop\u00e8dia; coneixement, amb Enciclop\u00e8dia.cat, Diccionari.cat i Diccionaris del Grup Enciclop\u00e8dia; grans obres, amb Enciclop\u00e8dia Art; i distribuci\u00f3, amb \u00c0gora Solucions Log\u00edstiques.<\/p>\n<p>&nbsp;<\/p>\n<p><a href=\"https:\/\/agora.xtec.cat\/escolapablopicasso\/wp-content\/uploads\/usu295\/2023\/03\/lectura-en-veu-alta-1.jpg\"><img loading=\"lazy\" decoding=\"async\" class=\"aligncenter size-full wp-image-7304\" src=\"https:\/\/agora.xtec.cat\/escolapablopicasso\/wp-content\/uploads\/usu295\/2023\/03\/lectura-en-veu-alta-1.jpg\" alt=\"\" width=\"1410\" height=\"968\" srcset=\"https:\/\/agora.xtec.cat\/escolapablopicasso\/wp-content\/uploads\/usu295\/2023\/03\/lectura-en-veu-alta-1.jpg 1410w, https:\/\/agora.xtec.cat\/escolapablopicasso\/wp-content\/uploads\/usu295\/2023\/03\/lectura-en-veu-alta-1-300x206.jpg 300w, https:\/\/agora.xtec.cat\/escolapablopicasso\/wp-content\/uploads\/usu295\/2023\/03\/lectura-en-veu-alta-1-1024x703.jpg 1024w, https:\/\/agora.xtec.cat\/escolapablopicasso\/wp-content\/uploads\/usu295\/2023\/03\/lectura-en-veu-alta-1-768x527.jpg 768w\" sizes=\"auto, (max-width: 1410px) 100vw, 1410px\" \/><\/a><\/p>\n","protected":false},"excerpt":{"rendered":"<p>El passat dimecres 22 de mar\u00e7, la nostra escola va participar en el Certamen de Lectura en Veu Alta.<br \/>\nVeualta \u00e9s un projecte del Grup Enciclop\u00e8dia que t\u00e9 la missi\u00f3 de promoure la literatura i la llengua per mitj\u00e0 de la lectura compartida en veu alta.<br \/>\nLa\u00a0Fundaci\u00f3&hellip;  <a href=\"https:\/\/agora.xtec.cat\/escolapablopicasso\/general\/lectura-en-veu-alta\/\" title=\"Read LECTURA EN VEU ALTA\">Llegeix m\u00e9s\u00bb<\/a><\/p>\n","protected":false},"author":1,"featured_media":0,"comment_status":"open","ping_status":"closed","sticky":false,"template":"","format":"standard","meta":{"_bbp_topic_count":0,"_bbp_reply_count":0,"_bbp_total_topic_count":0,"_bbp_total_reply_count":0,"_bbp_voice_count":0,"_bbp_anonymous_reply_count":0,"_bbp_topic_count_hidden":0,"_bbp_reply_count_hidden":0,"_bbp_forum_subforum_count":0,"footnotes":""},"categories":[1,4],"tags":[],"class_list":["post-7301","post","type-post","status-publish","format-standard","hentry","category-general","category-portada"],"post_mailing_queue_ids":[],"_links":{"self":[{"href":"https:\/\/agora.xtec.cat\/escolapablopicasso\/wp-json\/wp\/v2\/posts\/7301","targetHints":{"allow":["GET"]}}],"collection":[{"href":"https:\/\/agora.xtec.cat\/escolapablopicasso\/wp-json\/wp\/v2\/posts"}],"about":[{"href":"https:\/\/agora.xtec.cat\/escolapablopicasso\/wp-json\/wp\/v2\/types\/post"}],"author":[{"embeddable":true,"href":"https:\/\/agora.xtec.cat\/escolapablopicasso\/wp-json\/wp\/v2\/users\/1"}],"replies":[{"embeddable":true,"href":"https:\/\/agora.xtec.cat\/escolapablopicasso\/wp-json\/wp\/v2\/comments?post=7301"}],"version-history":[{"count":2,"href":"https:\/\/agora.xtec.cat\/escolapablopicasso\/wp-json\/wp\/v2\/posts\/7301\/revisions"}],"predecessor-version":[{"id":7305,"href":"https:\/\/agora.xtec.cat\/escolapablopicasso\/wp-json\/wp\/v2\/posts\/7301\/revisions\/7305"}],"wp:attachment":[{"href":"https:\/\/agora.xtec.cat\/escolapablopicasso\/wp-json\/wp\/v2\/media?parent=7301"}],"wp:term":[{"taxonomy":"category","embeddable":true,"href":"https:\/\/agora.xtec.cat\/escolapablopicasso\/wp-json\/wp\/v2\/categories?post=7301"},{"taxonomy":"post_tag","embeddable":true,"href":"https:\/\/agora.xtec.cat\/escolapablopicasso\/wp-json\/wp\/v2\/tags?post=7301"}],"curies":[{"name":"wp","href":"https:\/\/api.w.org\/{rel}","templated":true}]}}