{"id":7270,"date":"2023-02-17T08:55:18","date_gmt":"2023-02-17T07:55:18","guid":{"rendered":"https:\/\/agora.xtec.cat\/escolapablopicasso\/?p=7270"},"modified":"2023-03-02T09:37:24","modified_gmt":"2023-03-02T08:37:24","slug":"article-pedagogic-disfressar-se-no-te-res-a-veure-amb-carnaval","status":"publish","type":"post","link":"https:\/\/agora.xtec.cat\/escolapablopicasso\/general\/article-pedagogic-disfressar-se-no-te-res-a-veure-amb-carnaval\/","title":{"rendered":"ARTICLE PEDAG\u00d2GIC: &#8220;Disfressar-se no t\u00e9 res a veure amb el Carnaval&#8221;"},"content":{"rendered":"<h3><strong>Disfressar-nos ens permet descobrir que dins nostre habiten altres personalitats, aquest joc les desperta i les convida a sortir i mostrar-se sense complexes.<\/strong><\/h3>\n<p><strong>Com \u00e9s aquest joc?<\/strong><\/p>\n<p>Tot i que hi ha infants que gaudeixen molt disfressant-se amb disfresses molt elaborades de personatges concrets, quan parlem del joc de disfressar-se ens referim\u00a0<strong>al que passa en llibertat, qualsevol tarda i que troba resposta amb un drap lligat i que necessita complementar-se amb tones d&#8217;imaginaci\u00f3<\/strong>\u00a0per prendre vida, obligant-los a estar \u00a0molt presents en el que estan fent.<\/p>\n<p><strong>Per qu\u00e8 ho fan?<\/strong><\/p>\n<p>Per experimentar amb la sensaci\u00f3 d&#8217;una desaparici\u00f3 personal i deixar pas a una personalitat diferent a la seva. Un infant tranquil i prudent pot ser un lle\u00f3 molt enfadat que fa sorolls que fan por i que s\u2019atreveix a fer coses arriscades jugant, transgredint i experimentant amb la dualitat que tots tenim de s\u00e8rie.<\/p>\n<p>I \u00a0passa tant intensament, que els \u00e9s complicat fer el viatge de tornada a ells mateixos, fins i tot volen dormir amb la disfressa posada per no renunciar a l\u2019emoci\u00f3 que estan experimentant.<\/p>\n<p><strong>Abans dels 7 anys<\/strong><\/p>\n<p>Durant el primer septenni els infants estan en proc\u00e9s de construcci\u00f3 de la seva identitat i aix\u00f2 pot fer que s\u2019espantin en veure\u2019s totalment transformats. \u00a0Qui \u00e9s aquest que em mira des de l&#8217;altre costat del mirall? On soc jo? Per qu\u00e8 he desaparegut? I es fan les mateixes preguntes en veure els seus adults de refer\u00e8ncia disfressats.<\/p>\n<p>Encara no tenen clara la frontera entre ficci\u00f3 i realitat i no poden distanciar-se de l\u2019emoci\u00f3. La l\u00f2gica i la ra\u00f3 encara no tenen la for\u00e7a ni el protagonisme que arriben passats els 7 anys i les disfresses realistes i els personatges associats a escenes de por els costen d\u2019encaixar en el terreny simb\u00f2lic<\/p>\n<p><strong>El joc de disfressar-se no t\u00e9 res a veure amb el Carnaval<\/strong><\/p>\n<p>Carnestoltes implica exhibir-se i posar-se una disfressa determinada i \u00e9s comprensible i respectable que s\u2019hi neguin i en cap cas haur\u00edem d\u2019obligar un infant a sortir en una rua si no vol.<\/p>\n<p>I no ens confonem, aix\u00f2 no significa que no els agradi el joc de disfressar-se, de fet el necessiten!, per\u00f2 quan neix de dintre, no quan \u00e9s una imposici\u00f3.<\/p>\n<p><strong>Conclusi\u00f3<\/strong><\/p>\n<p><strong>Jugar a disfressar-se alimenta la capacitat creadora, l\u2019enginy, la imaginaci\u00f3 i la projecci\u00f3.\u00a0<\/strong>\u00c9s un joc que ajuda a posar-se a la pell d\u2019altres persones, animals i \u00a0a crear \u00e9ssers fant\u00e0stics alhora que els acompanya en l\u2019adquisici\u00f3 de la seva pr\u00f2pia identitat, desenvolupant l\u2019empatia.<\/p>\n<p><em>Copyright \u00a9 2023 JUGAR I JUGAR,\u00a0<\/em><\/p>\n<p><img loading=\"lazy\" decoding=\"async\" class=\"aligncenter size-full wp-image-7271\" src=\"https:\/\/agora.xtec.cat\/escolapablopicasso\/wp-content\/uploads\/usu295\/2023\/03\/descarga.png\" alt=\"\" width=\"225\" height=\"225\" srcset=\"https:\/\/agora.xtec.cat\/escolapablopicasso\/wp-content\/uploads\/usu295\/2023\/03\/descarga.png 225w, https:\/\/agora.xtec.cat\/escolapablopicasso\/wp-content\/uploads\/usu295\/2023\/03\/descarga-150x150.png 150w\" sizes=\"auto, (max-width: 225px) 100vw, 225px\" \/><\/p>\n","protected":false},"excerpt":{"rendered":"<p>Disfressar-nos ens permet descobrir que dins nostre habiten altres personalitats, aquest joc les desperta i les convida a sortir i mostrar-se sense complexes.<br \/>\nCom \u00e9s aquest joc?<br \/>\nTot i que hi ha infants que gaudeixen molt disfressant-se amb disfresses molt elaborades de personatges concrets, quan parlem del&hellip;  <a href=\"https:\/\/agora.xtec.cat\/escolapablopicasso\/general\/article-pedagogic-disfressar-se-no-te-res-a-veure-amb-carnaval\/\" title=\"Read ARTICLE PEDAG\u00d2GIC: &#8220;Disfressar-se no t\u00e9 res a veure amb el Carnaval&#8221;\">Llegeix m\u00e9s\u00bb<\/a><\/p>\n","protected":false},"author":1,"featured_media":7271,"comment_status":"open","ping_status":"closed","sticky":false,"template":"","format":"standard","meta":{"_bbp_topic_count":0,"_bbp_reply_count":0,"_bbp_total_topic_count":0,"_bbp_total_reply_count":0,"_bbp_voice_count":0,"_bbp_anonymous_reply_count":0,"_bbp_topic_count_hidden":0,"_bbp_reply_count_hidden":0,"_bbp_forum_subforum_count":0,"footnotes":""},"categories":[1,4],"tags":[],"class_list":["post-7270","post","type-post","status-publish","format-standard","has-post-thumbnail","hentry","category-general","category-portada"],"post_mailing_queue_ids":[],"_links":{"self":[{"href":"https:\/\/agora.xtec.cat\/escolapablopicasso\/wp-json\/wp\/v2\/posts\/7270","targetHints":{"allow":["GET"]}}],"collection":[{"href":"https:\/\/agora.xtec.cat\/escolapablopicasso\/wp-json\/wp\/v2\/posts"}],"about":[{"href":"https:\/\/agora.xtec.cat\/escolapablopicasso\/wp-json\/wp\/v2\/types\/post"}],"author":[{"embeddable":true,"href":"https:\/\/agora.xtec.cat\/escolapablopicasso\/wp-json\/wp\/v2\/users\/1"}],"replies":[{"embeddable":true,"href":"https:\/\/agora.xtec.cat\/escolapablopicasso\/wp-json\/wp\/v2\/comments?post=7270"}],"version-history":[{"count":2,"href":"https:\/\/agora.xtec.cat\/escolapablopicasso\/wp-json\/wp\/v2\/posts\/7270\/revisions"}],"predecessor-version":[{"id":7273,"href":"https:\/\/agora.xtec.cat\/escolapablopicasso\/wp-json\/wp\/v2\/posts\/7270\/revisions\/7273"}],"wp:featuredmedia":[{"embeddable":true,"href":"https:\/\/agora.xtec.cat\/escolapablopicasso\/wp-json\/wp\/v2\/media\/7271"}],"wp:attachment":[{"href":"https:\/\/agora.xtec.cat\/escolapablopicasso\/wp-json\/wp\/v2\/media?parent=7270"}],"wp:term":[{"taxonomy":"category","embeddable":true,"href":"https:\/\/agora.xtec.cat\/escolapablopicasso\/wp-json\/wp\/v2\/categories?post=7270"},{"taxonomy":"post_tag","embeddable":true,"href":"https:\/\/agora.xtec.cat\/escolapablopicasso\/wp-json\/wp\/v2\/tags?post=7270"}],"curies":[{"name":"wp","href":"https:\/\/api.w.org\/{rel}","templated":true}]}}