{"id":7230,"date":"2023-02-17T19:10:39","date_gmt":"2023-02-17T18:10:39","guid":{"rendered":"https:\/\/agora.xtec.cat\/escolapablopicasso\/?p=7230"},"modified":"2023-02-21T19:51:00","modified_gmt":"2023-02-21T18:51:00","slug":"danses-la-por","status":"publish","type":"post","link":"https:\/\/agora.xtec.cat\/escolapablopicasso\/general\/danses-la-por\/","title":{"rendered":"DANSES &#8220;LA POR&#8221;"},"content":{"rendered":"<p>El passat divendres 17 de febrer, la pista de l&#8217;escola es va omplir de fantasmes, zombies, m\u00f2mies, criatures&#8230; i quina marxa que tenien!!!!<\/p>\n<p>Molt\u00edssimes gr\u00e0cies per participar-hi!!!<\/p>\n<p>Aqu\u00ed podeu trobar el v\u00eddeo de les danses de Carnestoltes amb tem\u00e0tica &#8220;La por&#8221;.<\/p>\n<p><iframe loading=\"lazy\" src=\"\/\/www.youtube.com\/embed\/JPNJT9zhhQE\" width=\"560\" height=\"314\" allowfullscreen=\"allowfullscreen\"><\/iframe><\/p>\n","protected":false},"excerpt":{"rendered":"<p>El passat divendres 17 de febrer, la pista de l&#8217;escola es va omplir de fantasmes, zombies, m\u00f2mies, criatures&#8230; i quina marxa que tenien!!!!<br \/>\nMolt\u00edssimes gr\u00e0cies per participar-hi!!!<br \/>\nAqu\u00ed podeu trobar el v\u00eddeo de les danses de Carnestoltes amb tem\u00e0tica &#8220;La por&#8221;.<\/p>\n","protected":false},"author":1,"featured_media":7231,"comment_status":"open","ping_status":"closed","sticky":false,"template":"","format":"standard","meta":{"_bbp_topic_count":0,"_bbp_reply_count":0,"_bbp_total_topic_count":0,"_bbp_total_reply_count":0,"_bbp_voice_count":0,"_bbp_anonymous_reply_count":0,"_bbp_topic_count_hidden":0,"_bbp_reply_count_hidden":0,"_bbp_forum_subforum_count":0,"footnotes":""},"categories":[23,1,24,4],"tags":[],"class_list":["post-7230","post","type-post","status-publish","format-standard","has-post-thumbnail","hentry","category-nadal","category-general","category-musica","category-portada"],"post_mailing_queue_ids":[],"_links":{"self":[{"href":"https:\/\/agora.xtec.cat\/escolapablopicasso\/wp-json\/wp\/v2\/posts\/7230","targetHints":{"allow":["GET"]}}],"collection":[{"href":"https:\/\/agora.xtec.cat\/escolapablopicasso\/wp-json\/wp\/v2\/posts"}],"about":[{"href":"https:\/\/agora.xtec.cat\/escolapablopicasso\/wp-json\/wp\/v2\/types\/post"}],"author":[{"embeddable":true,"href":"https:\/\/agora.xtec.cat\/escolapablopicasso\/wp-json\/wp\/v2\/users\/1"}],"replies":[{"embeddable":true,"href":"https:\/\/agora.xtec.cat\/escolapablopicasso\/wp-json\/wp\/v2\/comments?post=7230"}],"version-history":[{"count":1,"href":"https:\/\/agora.xtec.cat\/escolapablopicasso\/wp-json\/wp\/v2\/posts\/7230\/revisions"}],"predecessor-version":[{"id":7232,"href":"https:\/\/agora.xtec.cat\/escolapablopicasso\/wp-json\/wp\/v2\/posts\/7230\/revisions\/7232"}],"wp:featuredmedia":[{"embeddable":true,"href":"https:\/\/agora.xtec.cat\/escolapablopicasso\/wp-json\/wp\/v2\/media\/7231"}],"wp:attachment":[{"href":"https:\/\/agora.xtec.cat\/escolapablopicasso\/wp-json\/wp\/v2\/media?parent=7230"}],"wp:term":[{"taxonomy":"category","embeddable":true,"href":"https:\/\/agora.xtec.cat\/escolapablopicasso\/wp-json\/wp\/v2\/categories?post=7230"},{"taxonomy":"post_tag","embeddable":true,"href":"https:\/\/agora.xtec.cat\/escolapablopicasso\/wp-json\/wp\/v2\/tags?post=7230"}],"curies":[{"name":"wp","href":"https:\/\/api.w.org\/{rel}","templated":true}]}}