{"id":7216,"date":"2023-02-09T08:57:50","date_gmt":"2023-02-09T07:57:50","guid":{"rendered":"https:\/\/agora.xtec.cat\/escolapablopicasso\/?p=7216"},"modified":"2023-02-09T08:57:50","modified_gmt":"2023-02-09T07:57:50","slug":"parlam-que-no-tescolto","status":"publish","type":"post","link":"https:\/\/agora.xtec.cat\/escolapablopicasso\/general\/parlam-que-no-tescolto\/","title":{"rendered":"&#8220;PARLA&#8217;M QUE NO T&#8217;ESCOLTO&#8221;"},"content":{"rendered":"<p>El proper dilluns dia 13 us oferim una xerrada sobre l&#8217;\u00fas de les pantalles a les primeres edats.<\/p>\n<p>Quin \u00fas en fem? Com afecten al desenvolupament de les nostres criatures? Com ho podem treballar?<\/p>\n<p>Creiem que \u00e9s un tema amb el que convivim a l&#8217;actualitat i us convidem a passar una estona compartint experi\u00e8ncies i reflexionant sobre el tema.<\/p>\n<p>-QUAN? Dilluns 13 de febrer a les 16.40h<\/p>\n<p>-ON? A l&#8217;escola<\/p>\n<p>-A QUI VA ADRE\u00c7AT? A les fam\u00edlies dels infants d&#8217;Educaci\u00f3 Infantil (avis, pares, tiets, tietes..)<\/p>\n<p>Recordeu que les fam\u00edlies que ho necessiteu i volgueu venir a la xerrada, teniu el servei d&#8217;acollida (haureu d&#8217;avisar el dilluns 13 al mat\u00ed)<\/p>\n<p><img loading=\"lazy\" decoding=\"async\" class=\"aligncenter size-medium wp-image-7218\" src=\"https:\/\/agora.xtec.cat\/escolapablopicasso\/wp-content\/uploads\/usu295\/2023\/02\/depositphotos_123951604-stock-illustration-children-with-gadgets-boy-and-300x185.jpg\" alt=\"\" width=\"300\" height=\"185\" srcset=\"https:\/\/agora.xtec.cat\/escolapablopicasso\/wp-content\/uploads\/usu295\/2023\/02\/depositphotos_123951604-stock-illustration-children-with-gadgets-boy-and-300x185.jpg 300w, https:\/\/agora.xtec.cat\/escolapablopicasso\/wp-content\/uploads\/usu295\/2023\/02\/depositphotos_123951604-stock-illustration-children-with-gadgets-boy-and-768x474.jpg 768w, https:\/\/agora.xtec.cat\/escolapablopicasso\/wp-content\/uploads\/usu295\/2023\/02\/depositphotos_123951604-stock-illustration-children-with-gadgets-boy-and.jpg 1023w\" sizes=\"auto, (max-width: 300px) 100vw, 300px\" \/><\/p>\n","protected":false},"excerpt":{"rendered":"<p>El proper dilluns dia 13 us oferim una xerrada sobre l&#8217;\u00fas de les pantalles a les primeres edats.<br \/>\nQuin \u00fas en fem? Com afecten al desenvolupament de les nostres criatures? Com ho podem treballar?<br \/>\nCreiem que \u00e9s un tema amb el que convivim a l&#8217;actualitat i us&hellip;  <a href=\"https:\/\/agora.xtec.cat\/escolapablopicasso\/general\/parlam-que-no-tescolto\/\" title=\"Read &#8220;PARLA&#8217;M QUE NO T&#8217;ESCOLTO&#8221;\">Llegeix m\u00e9s\u00bb<\/a><\/p>\n","protected":false},"author":1,"featured_media":0,"comment_status":"open","ping_status":"closed","sticky":false,"template":"","format":"standard","meta":{"_bbp_topic_count":0,"_bbp_reply_count":0,"_bbp_total_topic_count":0,"_bbp_total_reply_count":0,"_bbp_voice_count":0,"_bbp_anonymous_reply_count":0,"_bbp_topic_count_hidden":0,"_bbp_reply_count_hidden":0,"_bbp_forum_subforum_count":0,"footnotes":""},"categories":[1,4],"tags":[],"class_list":["post-7216","post","type-post","status-publish","format-standard","hentry","category-general","category-portada"],"post_mailing_queue_ids":[],"_links":{"self":[{"href":"https:\/\/agora.xtec.cat\/escolapablopicasso\/wp-json\/wp\/v2\/posts\/7216","targetHints":{"allow":["GET"]}}],"collection":[{"href":"https:\/\/agora.xtec.cat\/escolapablopicasso\/wp-json\/wp\/v2\/posts"}],"about":[{"href":"https:\/\/agora.xtec.cat\/escolapablopicasso\/wp-json\/wp\/v2\/types\/post"}],"author":[{"embeddable":true,"href":"https:\/\/agora.xtec.cat\/escolapablopicasso\/wp-json\/wp\/v2\/users\/1"}],"replies":[{"embeddable":true,"href":"https:\/\/agora.xtec.cat\/escolapablopicasso\/wp-json\/wp\/v2\/comments?post=7216"}],"version-history":[{"count":2,"href":"https:\/\/agora.xtec.cat\/escolapablopicasso\/wp-json\/wp\/v2\/posts\/7216\/revisions"}],"predecessor-version":[{"id":7219,"href":"https:\/\/agora.xtec.cat\/escolapablopicasso\/wp-json\/wp\/v2\/posts\/7216\/revisions\/7219"}],"wp:attachment":[{"href":"https:\/\/agora.xtec.cat\/escolapablopicasso\/wp-json\/wp\/v2\/media?parent=7216"}],"wp:term":[{"taxonomy":"category","embeddable":true,"href":"https:\/\/agora.xtec.cat\/escolapablopicasso\/wp-json\/wp\/v2\/categories?post=7216"},{"taxonomy":"post_tag","embeddable":true,"href":"https:\/\/agora.xtec.cat\/escolapablopicasso\/wp-json\/wp\/v2\/tags?post=7216"}],"curies":[{"name":"wp","href":"https:\/\/api.w.org\/{rel}","templated":true}]}}