{"id":7203,"date":"2023-02-01T08:00:17","date_gmt":"2023-02-01T07:00:17","guid":{"rendered":"https:\/\/agora.xtec.cat\/escolapablopicasso\/?p=7203"},"modified":"2023-02-03T11:30:55","modified_gmt":"2023-02-03T10:30:55","slug":"artista-del-mes-kika-milosevic","status":"publish","type":"post","link":"https:\/\/agora.xtec.cat\/escolapablopicasso\/general\/artista-del-mes-kika-milosevic\/","title":{"rendered":"ARTISTA DEL MES: KIKA MILOSEVIC"},"content":{"rendered":"<p>Kika Milosevic: l&#8217;artista que eleva el body-painting a un altre nivell.<\/p>\n<p><a style=\"color: #2795b6;\" href=\"https:\/\/agora.xtec.cat\/escolapablopicasso\/wp-content\/uploads\/usu295\/2023\/02\/descarga.jpg\"><img loading=\"lazy\" decoding=\"async\" class=\"aligncenter  wp-image-7207\" src=\"https:\/\/agora.xtec.cat\/escolapablopicasso\/wp-content\/uploads\/usu295\/2023\/02\/descarga-300x158.jpg\" alt=\"\" width=\"433\" height=\"228\" srcset=\"https:\/\/agora.xtec.cat\/escolapablopicasso\/wp-content\/uploads\/usu295\/2023\/02\/descarga-300x158.jpg 300w, https:\/\/agora.xtec.cat\/escolapablopicasso\/wp-content\/uploads\/usu295\/2023\/02\/descarga.jpg 310w\" sizes=\"auto, (max-width: 433px) 100vw, 433px\" \/><\/a><\/p>\n<p>&#8220;Il\u00b7lusionista de la pell&#8221;, una artista que sorpr\u00e8n per les seves il\u00b7lusions \u00f2ptiques.<\/p>\n<p>&#8220;Els meus pares solen dir que vaig comen\u00e7<span style=\"font-family: inherit; font-size: 1em;\">ar a dib<\/span><span style=\"font-family: inherit; font-size: 1em;\">uixar abans que pogu\u00e9s caminar&#8221; No va trigar a apassionar-se pels murals i als 11 anys va crear el primer, on ocell de mida natural i un coiot amb un llapis de grafit. Fins que es va graduar a l&#8217;institut, sempre entretenia els companys i companyes amb sorprenents obres d&#8217;art. Per\u00f2 mai no va arribar a estudiar art a la universitat.<\/span><\/p>\n<p>En convertir-se en mare, va deixar de banda la seva passi\u00f3 durant un temps, i nom\u00e9s va tornar pel seu fill. Va comen\u00e7ar a dibuixar murals d&#8217;herois de Disney i es va fer una carrera treballant sota el pseud\u00f2nim de Supermama. Es va convertir en una popular muralista infantil. Per\u00f2 no ho va poder fer durant gaire temps&#8230;<\/p>\n<p>Treballar amb pesats pots de pintura, bastides i dibuixar en posicions extenuants va passar factura al cos de Kika, que va patir una h\u00e8rnia discal molt aviat. Aix\u00f2 va posar fi a la seva carrera com a muralista, per\u00f2 li va obrir una nova porta. El seu marit va habilitar una habitaci\u00f3 a casa on podia pintar les cares dels nens sense esfor\u00e7ar-se gaire, i aix\u00ed va ser com va descobrir l&#8217;art de la pintura corporal que amb el pas del temps li ha fet convertir-se en una referent a les xarxes socials.<\/p>\n<p><a href=\"https:\/\/agora.xtec.cat\/escolapablopicasso\/wp-content\/uploads\/usu295\/2023\/02\/images.jpg\"><img loading=\"lazy\" decoding=\"async\" class=\"aligncenter  wp-image-7208\" src=\"https:\/\/agora.xtec.cat\/escolapablopicasso\/wp-content\/uploads\/usu295\/2023\/02\/images.jpg\" alt=\"\" width=\"390\" height=\"243\" \/><\/a><\/p>\n","protected":false},"excerpt":{"rendered":"<p>Kika Milosevic: l&#8217;artista que eleva el body-painting a un altre nivell.<br \/>\n<a style=\"color: #2795b6;\" href=\"https:\/\/agora.xtec.cat\/escolapablopicasso\/wp-content\/uploads\/usu295\/2023\/02\/descarga.jpg\"><\/a><br \/>\n&#8220;Il\u00b7lusionista de la pell&#8221;, una artista que sorpr\u00e8n per les seves il\u00b7lusions \u00f2ptiques.<br \/>\n&#8220;Els meus pares solen dir que vaig comen\u00e7ar a dibuixar abans que pogu\u00e9s caminar&#8221; No va trigar a apassionar-se pels&hellip;  <a href=\"https:\/\/agora.xtec.cat\/escolapablopicasso\/general\/artista-del-mes-kika-milosevic\/\" title=\"Read ARTISTA DEL MES: KIKA MILOSEVIC\">Llegeix m\u00e9s\u00bb<\/a><\/p>\n","protected":false},"author":5,"featured_media":0,"comment_status":"open","ping_status":"closed","sticky":false,"template":"","format":"standard","meta":{"_bbp_topic_count":0,"_bbp_reply_count":0,"_bbp_total_topic_count":0,"_bbp_total_reply_count":0,"_bbp_voice_count":0,"_bbp_anonymous_reply_count":0,"_bbp_topic_count_hidden":0,"_bbp_reply_count_hidden":0,"_bbp_forum_subforum_count":0,"footnotes":""},"categories":[1,4],"tags":[],"class_list":["post-7203","post","type-post","status-publish","format-standard","hentry","category-general","category-portada"],"post_mailing_queue_ids":[],"_links":{"self":[{"href":"https:\/\/agora.xtec.cat\/escolapablopicasso\/wp-json\/wp\/v2\/posts\/7203","targetHints":{"allow":["GET"]}}],"collection":[{"href":"https:\/\/agora.xtec.cat\/escolapablopicasso\/wp-json\/wp\/v2\/posts"}],"about":[{"href":"https:\/\/agora.xtec.cat\/escolapablopicasso\/wp-json\/wp\/v2\/types\/post"}],"author":[{"embeddable":true,"href":"https:\/\/agora.xtec.cat\/escolapablopicasso\/wp-json\/wp\/v2\/users\/5"}],"replies":[{"embeddable":true,"href":"https:\/\/agora.xtec.cat\/escolapablopicasso\/wp-json\/wp\/v2\/comments?post=7203"}],"version-history":[{"count":2,"href":"https:\/\/agora.xtec.cat\/escolapablopicasso\/wp-json\/wp\/v2\/posts\/7203\/revisions"}],"predecessor-version":[{"id":7209,"href":"https:\/\/agora.xtec.cat\/escolapablopicasso\/wp-json\/wp\/v2\/posts\/7203\/revisions\/7209"}],"wp:attachment":[{"href":"https:\/\/agora.xtec.cat\/escolapablopicasso\/wp-json\/wp\/v2\/media?parent=7203"}],"wp:term":[{"taxonomy":"category","embeddable":true,"href":"https:\/\/agora.xtec.cat\/escolapablopicasso\/wp-json\/wp\/v2\/categories?post=7203"},{"taxonomy":"post_tag","embeddable":true,"href":"https:\/\/agora.xtec.cat\/escolapablopicasso\/wp-json\/wp\/v2\/tags?post=7203"}],"curies":[{"name":"wp","href":"https:\/\/api.w.org\/{rel}","templated":true}]}}