{"id":7188,"date":"2023-01-23T08:00:14","date_gmt":"2023-01-23T07:00:14","guid":{"rendered":"https:\/\/agora.xtec.cat\/escolapablopicasso\/?p=7188"},"modified":"2023-03-06T11:32:58","modified_gmt":"2023-03-06T10:32:58","slug":"portes-obertes-2023","status":"publish","type":"post","link":"https:\/\/agora.xtec.cat\/escolapablopicasso\/general\/portes-obertes-2023\/","title":{"rendered":"PORTES OBERTES 2023"},"content":{"rendered":"<p>Des de l&#8217;Oficina Municipal d&#8217;Escolaritzaci\u00f3 de Barber\u00e0 del Vall\u00e8s, s&#8217;ha creat aquest <a href=\"https:\/\/www.canva.com\/design\/DAFWIFtOLkg\/KxkeT-CoDxcPt4cboTK3cQ\/view?utm_content=DAFWIFtOLkg&amp;utm_campaign=designshare&amp;utm_medium=link2&amp;utm_source=sharebutton\">document<\/a> on podeu consultar:<\/p>\n<ul>\n<li>Informaci\u00f3 general dels centres educatius de\u00a0de 2n cicle d\u2019educaci\u00f3 infantil, prim\u00e0ria i secund\u00e0ria de Barber\u00e0 del Vall\u00e8s<\/li>\n<li>Dates de les portes obertes<\/li>\n<li>Les zones educatives de la ciutat<\/li>\n<li>Codis dels centres educatius<\/li>\n<li>Les webs de refer\u00e8ncia per tenir la informaci\u00f3 actualitzada sobre la preinscripci\u00f3 del curs 23\/24<\/li>\n<\/ul>\n<p>A continuaci\u00f3 trobareu les dates de les Portes Obertes de totes les escoles de Barber\u00e0 del Vall\u00e8s.<\/p>\n<p>Cliqueu la imatge per accedir als enlla\u00e7os dels blocs de cada escola.<\/p>\n<p><a href=\"https:\/\/drive.google.com\/file\/d\/1ckfhnsw6UXuV6ABNYJeLeXdC0AoOTITB\/view?usp=share_link\"><img loading=\"lazy\" decoding=\"async\" class=\"aligncenter wp-image-7190 \" src=\"https:\/\/agora.xtec.cat\/escolapablopicasso\/wp-content\/uploads\/usu295\/2023\/01\/cartell-portes-obertes.png\" alt=\"\" width=\"274\" height=\"388\" srcset=\"https:\/\/agora.xtec.cat\/escolapablopicasso\/wp-content\/uploads\/usu295\/2023\/01\/cartell-portes-obertes.png 579w, https:\/\/agora.xtec.cat\/escolapablopicasso\/wp-content\/uploads\/usu295\/2023\/01\/cartell-portes-obertes-212x300.png 212w\" sizes=\"auto, (max-width: 274px) 100vw, 274px\" \/><\/a><\/p>\n<p>I aqu\u00ed les dates de les portes obertes dels instituts:<\/p>\n<p><a href=\"https:\/\/agora.xtec.cat\/escolapablopicasso\/wp-content\/uploads\/usu295\/2023\/01\/instituts.png\"><img loading=\"lazy\" decoding=\"async\" class=\"aligncenter wp-image-7199\" src=\"https:\/\/agora.xtec.cat\/escolapablopicasso\/wp-content\/uploads\/usu295\/2023\/01\/instituts.png\" alt=\"\" width=\"281\" height=\"343\" srcset=\"https:\/\/agora.xtec.cat\/escolapablopicasso\/wp-content\/uploads\/usu295\/2023\/01\/instituts.png 623w, https:\/\/agora.xtec.cat\/escolapablopicasso\/wp-content\/uploads\/usu295\/2023\/01\/instituts-246x300.png 246w\" sizes=\"auto, (max-width: 281px) 100vw, 281px\" \/><\/a><\/p>\n","protected":false},"excerpt":{"rendered":"<p>Des de l&#8217;Oficina Municipal d&#8217;Escolaritzaci\u00f3 de Barber\u00e0 del Vall\u00e8s, s&#8217;ha creat aquest <a href=\"https:\/\/www.canva.com\/design\/DAFWIFtOLkg\/KxkeT-CoDxcPt4cboTK3cQ\/view?utm_content=DAFWIFtOLkg&amp;utm_campaign=designshare&amp;utm_medium=link2&amp;utm_source=sharebutton\">document<\/a> on podeu consultar:<\/p>\n<ul>\n<li>Informaci\u00f3 general dels centres educatius de\u00a0de 2n cicle d\u2019educaci\u00f3 infantil, prim\u00e0ria i secund\u00e0ria de Barber\u00e0 del Vall\u00e8s<\/li>\n<li>Dates de les portes obertes<\/li>\n<li>Les zones educatives de la ciutat<\/li>\n<li>Codis dels centres educatius<\/li>\n<li>Les&hellip;  <a href=\"https:\/\/agora.xtec.cat\/escolapablopicasso\/general\/portes-obertes-2023\/\" title=\"Read PORTES OBERTES 2023\">Llegeix m\u00e9s\u00bb<\/a><br \/>\n","protected":false},"author":5,"featured_media":0,"comment_status":"open","ping_status":"closed","sticky":false,"template":"","format":"standard","meta":{"_bbp_topic_count":0,"_bbp_reply_count":0,"_bbp_total_topic_count":0,"_bbp_total_reply_count":0,"_bbp_voice_count":0,"_bbp_anonymous_reply_count":0,"_bbp_topic_count_hidden":0,"_bbp_reply_count_hidden":0,"_bbp_forum_subforum_count":0,"footnotes":""},"categories":[1,4],"tags":[],"class_list":["post-7188","post","type-post","status-publish","format-standard","hentry","category-general","category-portada"],"post_mailing_queue_ids":[],"_links":{"self":[{"href":"https:\/\/agora.xtec.cat\/escolapablopicasso\/wp-json\/wp\/v2\/posts\/7188","targetHints":{"allow":["GET"]}}],"collection":[{"href":"https:\/\/agora.xtec.cat\/escolapablopicasso\/wp-json\/wp\/v2\/posts"}],"about":[{"href":"https:\/\/agora.xtec.cat\/escolapablopicasso\/wp-json\/wp\/v2\/types\/post"}],"author":[{"embeddable":true,"href":"https:\/\/agora.xtec.cat\/escolapablopicasso\/wp-json\/wp\/v2\/users\/5"}],"replies":[{"embeddable":true,"href":"https:\/\/agora.xtec.cat\/escolapablopicasso\/wp-json\/wp\/v2\/comments?post=7188"}],"version-history":[{"count":3,"href":"https:\/\/agora.xtec.cat\/escolapablopicasso\/wp-json\/wp\/v2\/posts\/7188\/revisions"}],"predecessor-version":[{"id":7210,"href":"https:\/\/agora.xtec.cat\/escolapablopicasso\/wp-json\/wp\/v2\/posts\/7188\/revisions\/7210"}],"wp:attachment":[{"href":"https:\/\/agora.xtec.cat\/escolapablopicasso\/wp-json\/wp\/v2\/media?parent=7188"}],"wp:term":[{"taxonomy":"category","embeddable":true,"href":"https:\/\/agora.xtec.cat\/escolapablopicasso\/wp-json\/wp\/v2\/categories?post=7188"},{"taxonomy":"post_tag","embeddable":true,"href":"https:\/\/agora.xtec.cat\/escolapablopicasso\/wp-json\/wp\/v2\/tags?post=7188"}],"curies":[{"name":"wp","href":"https:\/\/api.w.org\/{rel}","templated":true}]}}