{"id":7185,"date":"2023-01-16T19:50:02","date_gmt":"2023-01-16T18:50:02","guid":{"rendered":"https:\/\/agora.xtec.cat\/escolapablopicasso\/?p=7185"},"modified":"2023-04-21T11:26:14","modified_gmt":"2023-04-21T09:26:14","slug":"dates-de-la-preinscripcio-del-curs-2023-24","status":"publish","type":"post","link":"https:\/\/agora.xtec.cat\/escolapablopicasso\/general\/dates-de-la-preinscripcio-del-curs-2023-24\/","title":{"rendered":"DATES DE LA PREINSCRIPCI\u00d3 DEL CURS 2023-24"},"content":{"rendered":"<p>Aqu\u00ed teniu la previsi\u00f3 de dates per a la presentaci\u00f3 de sol\u00b7licituds per a la preinscripci\u00f3 de centres educatius.<\/p>\n<p><strong>Educaci\u00f3 infantil (3-6 anys), educaci\u00f3 prim\u00e0ria i educaci\u00f3 secund\u00e0ria obligat\u00f2ria<\/strong><\/p>\n<p>Presentaci\u00f3 de sol\u00b7licituds:<\/p>\n<ul>\n<li>Educaci\u00f3 infantil (3-6 anys) i educaci\u00f3 prim\u00e0ria:\u00a0<strong>del 6 al 20 de mar\u00e7<\/strong><\/li>\n<li>Educaci\u00f3 secund\u00e0ria obligat\u00f2ria:\u00a0<strong>del 8 al 20 de mar\u00e7<\/strong><\/li>\n<\/ul>\n<p>Matr\u00edcula:<\/p>\n<ul>\n<li>Educaci\u00f3 infantil, educaci\u00f3 prim\u00e0ria i educaci\u00f3 secund\u00e0ria obligat\u00f2ria:\u00a0<strong>del 20 al 28 de juny<\/strong><\/li>\n<\/ul>\n<p>Properament publicarem m\u00e9s informaci\u00f3 sobre el proc\u00e9s de preinscripci\u00f3 i matr\u00edcula.<\/p>\n<p>M\u00e9s informaci\u00f3 a la web del <a href=\"https:\/\/preinscripcio.gencat.cat\/ca\/inici\/\">Departament d&#8217;Educaci\u00f3<\/a><\/p>\n<p><a href=\"https:\/\/preinscripcio.gencat.cat\/ca\/detalls\/noticia\/dates-preinscripcio\"><img loading=\"lazy\" decoding=\"async\" class=\"aligncenter size-full wp-image-7186\" src=\"https:\/\/agora.xtec.cat\/escolapablopicasso\/wp-content\/uploads\/usu295\/2023\/01\/DATES-PREINSCRIPCIO-2023-24.png\" alt=\"\" width=\"839\" height=\"611\" srcset=\"https:\/\/agora.xtec.cat\/escolapablopicasso\/wp-content\/uploads\/usu295\/2023\/01\/DATES-PREINSCRIPCIO-2023-24.png 839w, https:\/\/agora.xtec.cat\/escolapablopicasso\/wp-content\/uploads\/usu295\/2023\/01\/DATES-PREINSCRIPCIO-2023-24-300x218.png 300w, https:\/\/agora.xtec.cat\/escolapablopicasso\/wp-content\/uploads\/usu295\/2023\/01\/DATES-PREINSCRIPCIO-2023-24-768x559.png 768w\" sizes=\"auto, (max-width: 839px) 100vw, 839px\" \/><\/a><\/p>\n","protected":false},"excerpt":{"rendered":"<p>Aqu\u00ed teniu la previsi\u00f3 de dates per a la presentaci\u00f3 de sol\u00b7licituds per a la preinscripci\u00f3 de centres educatius.<br \/>\nEducaci\u00f3 infantil (3-6 anys), educaci\u00f3 prim\u00e0ria i educaci\u00f3 secund\u00e0ria obligat\u00f2ria<br \/>\nPresentaci\u00f3 de sol\u00b7licituds:<\/p>\n<ul>\n<li>Educaci\u00f3 infantil (3-6 anys) i educaci\u00f3 prim\u00e0ria:\u00a0del 6 al 20 de mar\u00e7<\/li>\n<li>Educaci\u00f3 secund\u00e0ria obligat\u00f2ria:\u00a0del 8 al&hellip;  <a href=\"https:\/\/agora.xtec.cat\/escolapablopicasso\/general\/dates-de-la-preinscripcio-del-curs-2023-24\/\" title=\"Read DATES DE LA PREINSCRIPCI\u00d3 DEL CURS 2023-24\">Llegeix m\u00e9s\u00bb<\/a><br \/>\n","protected":false},"author":5,"featured_media":0,"comment_status":"open","ping_status":"closed","sticky":false,"template":"","format":"standard","meta":{"_bbp_topic_count":0,"_bbp_reply_count":0,"_bbp_total_topic_count":0,"_bbp_total_reply_count":0,"_bbp_voice_count":0,"_bbp_anonymous_reply_count":0,"_bbp_topic_count_hidden":0,"_bbp_reply_count_hidden":0,"_bbp_forum_subforum_count":0,"footnotes":""},"categories":[1,4],"tags":[],"class_list":["post-7185","post","type-post","status-publish","format-standard","hentry","category-general","category-portada"],"post_mailing_queue_ids":[],"_links":{"self":[{"href":"https:\/\/agora.xtec.cat\/escolapablopicasso\/wp-json\/wp\/v2\/posts\/7185","targetHints":{"allow":["GET"]}}],"collection":[{"href":"https:\/\/agora.xtec.cat\/escolapablopicasso\/wp-json\/wp\/v2\/posts"}],"about":[{"href":"https:\/\/agora.xtec.cat\/escolapablopicasso\/wp-json\/wp\/v2\/types\/post"}],"author":[{"embeddable":true,"href":"https:\/\/agora.xtec.cat\/escolapablopicasso\/wp-json\/wp\/v2\/users\/5"}],"replies":[{"embeddable":true,"href":"https:\/\/agora.xtec.cat\/escolapablopicasso\/wp-json\/wp\/v2\/comments?post=7185"}],"version-history":[{"count":1,"href":"https:\/\/agora.xtec.cat\/escolapablopicasso\/wp-json\/wp\/v2\/posts\/7185\/revisions"}],"predecessor-version":[{"id":7187,"href":"https:\/\/agora.xtec.cat\/escolapablopicasso\/wp-json\/wp\/v2\/posts\/7185\/revisions\/7187"}],"wp:attachment":[{"href":"https:\/\/agora.xtec.cat\/escolapablopicasso\/wp-json\/wp\/v2\/media?parent=7185"}],"wp:term":[{"taxonomy":"category","embeddable":true,"href":"https:\/\/agora.xtec.cat\/escolapablopicasso\/wp-json\/wp\/v2\/categories?post=7185"},{"taxonomy":"post_tag","embeddable":true,"href":"https:\/\/agora.xtec.cat\/escolapablopicasso\/wp-json\/wp\/v2\/tags?post=7185"}],"curies":[{"name":"wp","href":"https:\/\/api.w.org\/{rel}","templated":true}]}}